{"id":77098,"date":"2026-04-29T12:11:34","date_gmt":"2026-04-29T08:11:34","guid":{"rendered":"https:\/\/azerbaycan.media\/?p=77098"},"modified":"2026-04-29T12:11:34","modified_gmt":"2026-04-29T08:11:34","slug":"nizami-kino-m%c9%99rk%c9%99zin%c9%99-yeni-r%c9%99hb%c9%99r-t%c9%99yin-olunub","status":"publish","type":"post","link":"https:\/\/azerbaycan.media\/?p=77098","title":{"rendered":"Nizami Kino M\u0259rk\u0259zin\u0259 yeni r\u0259hb\u0259r t\u0259yin olunub"},"content":{"rendered":"<p><strong>Az\u0259rbaycan.media<\/strong> x\u0259b\u0259r verir ki, Nizami Kino M\u0259rk\u0259zinin direktoru v\u0259zif\u0259sind\u0259 d\u0259yi\u015fiklik ba\u015f verib.<br \/>\nM\u0259lumata g\u00f6r\u0259, \u018fli-S\u0259ttar Quliyev m\u00fcqavil\u0259 m\u00fcdd\u0259tinin ba\u015fa \u00e7atmas\u0131 il\u0259 \u0259laq\u0259dar olaraq v\u0259zif\u0259sind\u0259n ayr\u0131l\u0131b. Bu m\u0259lumat Az\u0259rbaycan Respublikas\u0131n\u0131n Kino Agentliyi t\u0259r\u0259find\u0259n d\u0259 t\u0259sdiql\u0259nib.<br \/>\nBildirilib ki, m\u0259d\u0259niyy\u0259t naziri Adil K\u0259rimlinin m\u00fcvafiq \u0259mrin\u0259 \u0259sas\u0259n, haz\u0131rda Kino M\u0259rk\u0259zinin direktorunun s\u0259lahiyy\u0259tl\u0259rini Turan M\u0259mm\u0259dli icra edir.<br \/>\nQeyd ed\u0259k ki, \u018fli-S\u0259ttar Quliyev 2024-c\u00fc ilin avqust ay\u0131nda bu v\u0259zif\u0259y\u0259 t\u0259yin olunmu\u015fdu. O, haz\u0131rda Az\u0259rbaycan Respublikas\u0131n\u0131n Kino Agentliyind\u0259 B\u0259dii \u015euran\u0131n \u00fczv\u00fc kimi f\u0259aliyy\u0259tini davam etdirir.<\/p>\n<p>&nbsp;<\/p>\n","protected":false},"excerpt":{"rendered":"<p>Az\u0259rbaycan.media x\u0259b\u0259r verir ki, Nizami Kino M\u0259rk\u0259zinin direktoru v\u0259zif\u0259sind\u0259 d\u0259yi\u015fiklik ba\u015f verib. M\u0259lumata g\u00f6r\u0259, \u018fli-S\u0259ttar Quliyev m\u00fcqavil\u0259 m\u00fcdd\u0259tinin ba\u015fa \u00e7atmas\u0131 il\u0259 \u0259laq\u0259dar olaraq v\u0259zif\u0259sind\u0259n ayr\u0131l\u0131b. Bu m\u0259lumat Az\u0259rbaycan Respublikas\u0131n\u0131n Kino&hellip; <\/p>\n","protected":false},"author":537,"featured_media":77099,"comment_status":"closed","ping_status":"closed","sticky":false,"template":"","format":"standard","meta":{"footnotes":""},"categories":[57],"tags":[],"class_list":["post-77098","post","type-post","status-publish","format-standard","has-post-thumbnail","hentry","category-mdniyyt"],"_links":{"self":[{"href":"https:\/\/azerbaycan.media\/index.php?rest_route=\/wp\/v2\/posts\/77098","targetHints":{"allow":["GET"]}}],"collection":[{"href":"https:\/\/azerbaycan.media\/index.php?rest_route=\/wp\/v2\/posts"}],"about":[{"href":"https:\/\/azerbaycan.media\/index.php?rest_route=\/wp\/v2\/types\/post"}],"author":[{"embeddable":true,"href":"https:\/\/azerbaycan.media\/index.php?rest_route=\/wp\/v2\/users\/537"}],"replies":[{"embeddable":true,"href":"https:\/\/azerbaycan.media\/index.php?rest_route=%2Fwp%2Fv2%2Fcomments&post=77098"}],"version-history":[{"count":2,"href":"https:\/\/azerbaycan.media\/index.php?rest_route=\/wp\/v2\/posts\/77098\/revisions"}],"predecessor-version":[{"id":77101,"href":"https:\/\/azerbaycan.media\/index.php?rest_route=\/wp\/v2\/posts\/77098\/revisions\/77101"}],"wp:featuredmedia":[{"embeddable":true,"href":"https:\/\/azerbaycan.media\/index.php?rest_route=\/wp\/v2\/media\/77099"}],"wp:attachment":[{"href":"https:\/\/azerbaycan.media\/index.php?rest_route=%2Fwp%2Fv2%2Fmedia&parent=77098"}],"wp:term":[{"taxonomy":"category","embeddable":true,"href":"https:\/\/azerbaycan.media\/index.php?rest_route=%2Fwp%2Fv2%2Fcategories&post=77098"},{"taxonomy":"post_tag","embeddable":true,"href":"https:\/\/azerbaycan.media\/index.php?rest_route=%2Fwp%2Fv2%2Ftags&post=77098"}],"curies":[{"name":"wp","href":"https:\/\/api.w.org\/{rel}","templated":true}]}}