{"id":77093,"date":"2026-04-29T12:08:51","date_gmt":"2026-04-29T08:08:51","guid":{"rendered":"https:\/\/azerbaycan.media\/?p=77093"},"modified":"2026-04-29T12:08:51","modified_gmt":"2026-04-29T08:08:51","slug":"niderland-az%c9%99rbaycanla-parlamentl%c9%99rarasi-dialoqu-genisl%c9%99ndirm%c9%99k-ist%c9%99yir","status":"publish","type":"post","link":"https:\/\/azerbaycan.media\/?p=77093","title":{"rendered":"Niderland Az\u0259rbaycanla parlamentl\u0259raras\u0131 dialoqu geni\u015fl\u0259ndirm\u0259k ist\u0259yir"},"content":{"rendered":"<p><strong>Az\u0259rbaycan.media<\/strong> x\u0259b\u0259r verir ki, Niderland Az\u0259rbaycanla parlamentl\u0259raras\u0131 m\u0259sl\u0259h\u0259tl\u0259\u015fm\u0259l\u0259rin ke\u00e7irilm\u0259sin\u0259 \u00fcmid etdiyini a\u00e7\u0131qlay\u0131b.<br \/>\nBu bar\u0259d\u0259 Niderland\u0131n Bak\u0131dak\u0131 s\u0259firi Marian de Yonq ke\u00e7irdiyi brifinqd\u0259 m\u0259lumat verib. O, \u00f6lk\u0259 parlamentinin Az\u0259rbaycan\u0131n suverenliyi v\u0259 Erm\u0259nistanla s\u00fclh prosesi il\u0259 ba\u011fl\u0131 q\u0259bul etdiyi s\u0259n\u0259dl\u0259r\u0259 m\u00fcnasib\u0259t bildir\u0259rk\u0259n bu fikirl\u0259ri s\u0259sl\u0259ndirib.<br \/>\nS\u0259fir qeyd edib ki, s\u00f6z\u00fcged\u0259n s\u0259n\u0259dl\u0259rl\u0259 \u0259laq\u0259dar Az\u0259rbaycan Xarici \u0130\u015fl\u0259r Nazirliyin\u0259 \u00e7a\u011f\u0131r\u0131ld\u0131\u011f\u0131n\u0131 t\u0259sdiql\u0259yir.<br \/>\nMarian de Yonq vur\u011fulay\u0131b ki, Niderland h\u00f6kum\u0259tinin Az\u0259rbaycan v\u0259 Erm\u0259nistan aras\u0131nda s\u00fclh prosesi il\u0259 ba\u011fl\u0131 m\u00f6vqeyi balansl\u0131 olaraq qal\u0131r:<br \/>\n\u201cBiz h\u0259r iki \u00f6lk\u0259 il\u0259 dialoq apar\u0131r\u0131q v\u0259 regionda s\u00fclh\u00fcn \u0259ld\u0259 olunmas\u0131n\u0131 d\u0259st\u0259kl\u0259yirik. Bu, olduqca vacibdir. H\u00f6kum\u0259timizin m\u00f6vqeyi d\u0259yi\u015fm\u0259yib v\u0259 d\u0259yi\u015fm\u0259z olaraq qal\u0131r\u201d.<br \/>\nDiplomat \u0259lav\u0259 edib ki, ba\u015f ver\u0259nl\u0259rin h\u00f6kum\u0259tl\u0259raras\u0131 m\u00fcnasib\u0259tl\u0259r\u0259 m\u0259nfi t\u0259sir g\u00f6st\u0259rm\u0259y\u0259c\u0259yin\u0259 \u00fcmid edir. Onun s\u00f6zl\u0259rin\u0259 g\u00f6r\u0259, parlamentl\u0259raras\u0131 m\u0259sl\u0259h\u0259tl\u0259\u015fm\u0259l\u0259rin t\u0259\u015fkili n\u00fcmay\u0259nd\u0259l\u0259r aras\u0131nda birba\u015fa \u00fcnsiyy\u0259t \u00fc\u00e7\u00fcn yax\u015f\u0131 imkan yarada bil\u0259r.<\/p>\n","protected":false},"excerpt":{"rendered":"<p>Az\u0259rbaycan.media x\u0259b\u0259r verir ki, Niderland Az\u0259rbaycanla parlamentl\u0259raras\u0131 m\u0259sl\u0259h\u0259tl\u0259\u015fm\u0259l\u0259rin ke\u00e7irilm\u0259sin\u0259 \u00fcmid etdiyini a\u00e7\u0131qlay\u0131b. Bu bar\u0259d\u0259 Niderland\u0131n Bak\u0131dak\u0131 s\u0259firi Marian de Yonq ke\u00e7irdiyi brifinqd\u0259 m\u0259lumat verib. O, \u00f6lk\u0259 parlamentinin Az\u0259rbaycan\u0131n suverenliyi v\u0259&hellip; <\/p>\n","protected":false},"author":537,"featured_media":77095,"comment_status":"closed","ping_status":"closed","sticky":false,"template":"","format":"standard","meta":{"footnotes":""},"categories":[55],"tags":[],"class_list":["post-77093","post","type-post","status-publish","format-standard","has-post-thumbnail","hentry","category-dunya"],"_links":{"self":[{"href":"https:\/\/azerbaycan.media\/index.php?rest_route=\/wp\/v2\/posts\/77093","targetHints":{"allow":["GET"]}}],"collection":[{"href":"https:\/\/azerbaycan.media\/index.php?rest_route=\/wp\/v2\/posts"}],"about":[{"href":"https:\/\/azerbaycan.media\/index.php?rest_route=\/wp\/v2\/types\/post"}],"author":[{"embeddable":true,"href":"https:\/\/azerbaycan.media\/index.php?rest_route=\/wp\/v2\/users\/537"}],"replies":[{"embeddable":true,"href":"https:\/\/azerbaycan.media\/index.php?rest_route=%2Fwp%2Fv2%2Fcomments&post=77093"}],"version-history":[{"count":2,"href":"https:\/\/azerbaycan.media\/index.php?rest_route=\/wp\/v2\/posts\/77093\/revisions"}],"predecessor-version":[{"id":77097,"href":"https:\/\/azerbaycan.media\/index.php?rest_route=\/wp\/v2\/posts\/77093\/revisions\/77097"}],"wp:featuredmedia":[{"embeddable":true,"href":"https:\/\/azerbaycan.media\/index.php?rest_route=\/wp\/v2\/media\/77095"}],"wp:attachment":[{"href":"https:\/\/azerbaycan.media\/index.php?rest_route=%2Fwp%2Fv2%2Fmedia&parent=77093"}],"wp:term":[{"taxonomy":"category","embeddable":true,"href":"https:\/\/azerbaycan.media\/index.php?rest_route=%2Fwp%2Fv2%2Fcategories&post=77093"},{"taxonomy":"post_tag","embeddable":true,"href":"https:\/\/azerbaycan.media\/index.php?rest_route=%2Fwp%2Fv2%2Ftags&post=77093"}],"curies":[{"name":"wp","href":"https:\/\/api.w.org\/{rel}","templated":true}]}}