{"id":77089,"date":"2026-04-29T12:03:10","date_gmt":"2026-04-29T08:03:10","guid":{"rendered":"https:\/\/azerbaycan.media\/?p=77089"},"modified":"2026-04-29T12:03:10","modified_gmt":"2026-04-29T08:03:10","slug":"kurd%c9%99mird%c9%99-faci%c9%99-ev-yangini-can-aldi","status":"publish","type":"post","link":"https:\/\/azerbaycan.media\/?p=77089","title":{"rendered":"K\u00fcrd\u0259mird\u0259 faci\u0259: ev yan\u011f\u0131n\u0131 can ald\u0131"},"content":{"rendered":"<p><strong>Az\u0259rbaycan.media<\/strong> x\u0259b\u0259r verir ki, K\u00fcrd\u0259mir rayonunda ba\u015f ver\u0259n yan\u011f\u0131n hadis\u0259si \u00f6l\u00fcml\u0259 n\u0259tic\u0259l\u0259nib.<br \/>\nHadis\u0259 rayonun Yenik\u0259nd k\u0259ndind\u0259 qeyd\u0259 al\u0131n\u0131b. \u00dcmumi sah\u0259si 150 kvadratmetr olan birm\u0259rt\u0259b\u0259li ya\u015fay\u0131\u015f evind\u0259 ba\u015f ver\u0259n yan\u011f\u0131n zaman\u0131 ev sahibi Fikr\u0259t Eminov yanaraq h\u0259yat\u0131n\u0131 itirib.<br \/>\nM\u0259lumata g\u00f6r\u0259, hadis\u0259 yerin\u0259 F\u00f6vq\u0259lad\u0259 Hallar Nazirliyinin K\u00fcrd\u0259mir Rayon Yan\u011f\u0131ndan M\u00fchafiz\u0259 Hiss\u0259sinin canl\u0131 q\u00fcvv\u0259si v\u0259 texnikas\u0131 c\u0259lb olunub. Yan\u011f\u0131n operativ \u015f\u0259kild\u0259 s\u00f6nd\u00fcr\u00fcl\u0259r\u0259k alovun geni\u015fl\u0259nm\u0259sinin qar\u015f\u0131s\u0131 al\u0131n\u0131b.<br \/>\nEyni zamanda, \u0259raziy\u0259 h\u00fcquq-m\u00fchafiz\u0259 orqanlar\u0131n\u0131n \u0259m\u0259kda\u015flar\u0131 da c\u0259lb edilib.<br \/>\nHadis\u0259nin ba\u015fverm\u0259 s\u0259b\u0259bl\u0259ri il\u0259 ba\u011fl\u0131 ara\u015fd\u0131rma apar\u0131l\u0131r.<\/p>\n","protected":false},"excerpt":{"rendered":"<p>Az\u0259rbaycan.media x\u0259b\u0259r verir ki, K\u00fcrd\u0259mir rayonunda ba\u015f ver\u0259n yan\u011f\u0131n hadis\u0259si \u00f6l\u00fcml\u0259 n\u0259tic\u0259l\u0259nib. Hadis\u0259 rayonun Yenik\u0259nd k\u0259ndind\u0259 qeyd\u0259 al\u0131n\u0131b. \u00dcmumi sah\u0259si 150 kvadratmetr olan birm\u0259rt\u0259b\u0259li ya\u015fay\u0131\u015f evind\u0259 ba\u015f ver\u0259n yan\u011f\u0131n zaman\u0131&hellip; <\/p>\n","protected":false},"author":537,"featured_media":77090,"comment_status":"closed","ping_status":"closed","sticky":false,"template":"","format":"standard","meta":{"footnotes":""},"categories":[62],"tags":[],"class_list":["post-77089","post","type-post","status-publish","format-standard","has-post-thumbnail","hentry","category-hadis"],"_links":{"self":[{"href":"https:\/\/azerbaycan.media\/index.php?rest_route=\/wp\/v2\/posts\/77089","targetHints":{"allow":["GET"]}}],"collection":[{"href":"https:\/\/azerbaycan.media\/index.php?rest_route=\/wp\/v2\/posts"}],"about":[{"href":"https:\/\/azerbaycan.media\/index.php?rest_route=\/wp\/v2\/types\/post"}],"author":[{"embeddable":true,"href":"https:\/\/azerbaycan.media\/index.php?rest_route=\/wp\/v2\/users\/537"}],"replies":[{"embeddable":true,"href":"https:\/\/azerbaycan.media\/index.php?rest_route=%2Fwp%2Fv2%2Fcomments&post=77089"}],"version-history":[{"count":2,"href":"https:\/\/azerbaycan.media\/index.php?rest_route=\/wp\/v2\/posts\/77089\/revisions"}],"predecessor-version":[{"id":77092,"href":"https:\/\/azerbaycan.media\/index.php?rest_route=\/wp\/v2\/posts\/77089\/revisions\/77092"}],"wp:featuredmedia":[{"embeddable":true,"href":"https:\/\/azerbaycan.media\/index.php?rest_route=\/wp\/v2\/media\/77090"}],"wp:attachment":[{"href":"https:\/\/azerbaycan.media\/index.php?rest_route=%2Fwp%2Fv2%2Fmedia&parent=77089"}],"wp:term":[{"taxonomy":"category","embeddable":true,"href":"https:\/\/azerbaycan.media\/index.php?rest_route=%2Fwp%2Fv2%2Fcategories&post=77089"},{"taxonomy":"post_tag","embeddable":true,"href":"https:\/\/azerbaycan.media\/index.php?rest_route=%2Fwp%2Fv2%2Ftags&post=77089"}],"curies":[{"name":"wp","href":"https:\/\/api.w.org\/{rel}","templated":true}]}}