{"id":77085,"date":"2026-04-29T11:59:43","date_gmt":"2026-04-29T07:59:43","guid":{"rendered":"https:\/\/azerbaycan.media\/?p=77085"},"modified":"2026-04-29T11:59:43","modified_gmt":"2026-04-29T07:59:43","slug":"yevlaxda-agir-q%c9%99za-azyasli-h%c9%99yatini-itirdi","status":"publish","type":"post","link":"https:\/\/azerbaycan.media\/?p=77085","title":{"rendered":"Yevlaxda a\u011f\u0131r q\u0259za: azya\u015fl\u0131 h\u0259yat\u0131n\u0131 itirdi"},"content":{"rendered":"<p><strong>Az\u0259rbaycan.media<\/strong> x\u0259b\u0259r verir ki, Yevlax rayonunda a\u011f\u0131r yol-n\u0259qliyyat hadis\u0259si ba\u015f verib.<br \/>\nHadis\u0259 aprelin 29-da gec\u0259 saatlar\u0131nda Yevlax\u2013L\u0259ki yolunda qeyd\u0259 al\u0131n\u0131b. \u015eu\u015fa \u015f\u0259h\u0259rind\u0259n olan ke\u00e7mi\u015f m\u0259cburi k\u00f6\u00e7k\u00fcn \u015eakir H\u0259s\u0259nov idar\u0259 etdiyi \u201cVAZ-2107\u201d markal\u0131 avtomobild\u0259 s\u00fckan n\u0259zar\u0259tini itir\u0259r\u0259k n\u0259qliyyat vasit\u0259sini yolun k\u0259nar\u0131ndak\u0131 kanala a\u015f\u0131r\u0131b.<br \/>\nQ\u0259za n\u0259tic\u0259sind\u0259 avtomobild\u0259 olan 2016-c\u0131 il t\u0259v\u0259ll\u00fcdl\u00fc S\u00fcdab\u0259 \u018fliyeva hadis\u0259 yerind\u0259 h\u0259yat\u0131n\u0131 itirib. S\u00fcr\u00fcc\u00fc \u015e.H\u0259s\u0259nov is\u0259 m\u00fcxt\u0259lif d\u0259r\u0259c\u0259li x\u0259sar\u0259tl\u0259rl\u0259 x\u0259st\u0259xanaya \u00e7atd\u0131r\u0131l\u0131b.<br \/>\n\u0130lkin m\u0259lumata g\u00f6r\u0259, \u015e.H\u0259s\u0259nov ail\u0259si il\u0259 birlikd\u0259 \u015eu\u015fa istiqam\u0259tind\u0259 h\u0259r\u0259k\u0259td\u0259 olub. Bildirilir ki, s\u00fcr\u00fcc\u00fc s\u00fckan arxas\u0131nda yuxulay\u0131b v\u0259 bu s\u0259b\u0259bd\u0259n avtomobil yoldan \u00e7\u0131xaraq a\u015f\u0131b.<br \/>\nFaktla ba\u011fl\u0131 ara\u015fd\u0131rma apar\u0131l\u0131r.<\/p>\n","protected":false},"excerpt":{"rendered":"<p>Az\u0259rbaycan.media x\u0259b\u0259r verir ki, Yevlax rayonunda a\u011f\u0131r yol-n\u0259qliyyat hadis\u0259si ba\u015f verib. Hadis\u0259 aprelin 29-da gec\u0259 saatlar\u0131nda Yevlax\u2013L\u0259ki yolunda qeyd\u0259 al\u0131n\u0131b. \u015eu\u015fa \u015f\u0259h\u0259rind\u0259n olan ke\u00e7mi\u015f m\u0259cburi k\u00f6\u00e7k\u00fcn \u015eakir H\u0259s\u0259nov idar\u0259 etdiyi&hellip; <\/p>\n","protected":false},"author":537,"featured_media":77086,"comment_status":"closed","ping_status":"closed","sticky":false,"template":"","format":"standard","meta":{"footnotes":""},"categories":[62],"tags":[],"class_list":["post-77085","post","type-post","status-publish","format-standard","has-post-thumbnail","hentry","category-hadis"],"_links":{"self":[{"href":"https:\/\/azerbaycan.media\/index.php?rest_route=\/wp\/v2\/posts\/77085","targetHints":{"allow":["GET"]}}],"collection":[{"href":"https:\/\/azerbaycan.media\/index.php?rest_route=\/wp\/v2\/posts"}],"about":[{"href":"https:\/\/azerbaycan.media\/index.php?rest_route=\/wp\/v2\/types\/post"}],"author":[{"embeddable":true,"href":"https:\/\/azerbaycan.media\/index.php?rest_route=\/wp\/v2\/users\/537"}],"replies":[{"embeddable":true,"href":"https:\/\/azerbaycan.media\/index.php?rest_route=%2Fwp%2Fv2%2Fcomments&post=77085"}],"version-history":[{"count":2,"href":"https:\/\/azerbaycan.media\/index.php?rest_route=\/wp\/v2\/posts\/77085\/revisions"}],"predecessor-version":[{"id":77088,"href":"https:\/\/azerbaycan.media\/index.php?rest_route=\/wp\/v2\/posts\/77085\/revisions\/77088"}],"wp:featuredmedia":[{"embeddable":true,"href":"https:\/\/azerbaycan.media\/index.php?rest_route=\/wp\/v2\/media\/77086"}],"wp:attachment":[{"href":"https:\/\/azerbaycan.media\/index.php?rest_route=%2Fwp%2Fv2%2Fmedia&parent=77085"}],"wp:term":[{"taxonomy":"category","embeddable":true,"href":"https:\/\/azerbaycan.media\/index.php?rest_route=%2Fwp%2Fv2%2Fcategories&post=77085"},{"taxonomy":"post_tag","embeddable":true,"href":"https:\/\/azerbaycan.media\/index.php?rest_route=%2Fwp%2Fv2%2Ftags&post=77085"}],"curies":[{"name":"wp","href":"https:\/\/api.w.org\/{rel}","templated":true}]}}