{"id":77081,"date":"2026-04-29T11:55:17","date_gmt":"2026-04-29T07:55:17","guid":{"rendered":"https:\/\/azerbaycan.media\/?p=77081"},"modified":"2026-04-29T11:55:17","modified_gmt":"2026-04-29T07:55:17","slug":"kredit-ittifaqlarinin-z%c9%99r%c9%99ri-azalib-maliyy%c9%99-gost%c9%99ricil%c9%99ri-aciqlanib","status":"publish","type":"post","link":"https:\/\/azerbaycan.media\/?p=77081","title":{"rendered":"Kredit ittifaqlar\u0131n\u0131n z\u0259r\u0259ri azal\u0131b \u2013 maliyy\u0259 g\u00f6st\u0259ricil\u0259ri a\u00e7\u0131qlan\u0131b"},"content":{"rendered":"<p><strong>Az\u0259rbaycan.media<\/strong> x\u0259b\u0259r verir ki, Az\u0259rbaycanda f\u0259aliyy\u0259t g\u00f6st\u0259r\u0259n kredit ittifaqlar\u0131 bu ilin ilk r\u00fcb\u00fcn\u00fc 0,7 milyon manat z\u0259r\u0259rl\u0259 ba\u015fa vurub.<br \/>\nAz\u0259rbaycan M\u0259rk\u0259zi Bank\u0131na istinad\u0259n veril\u0259n m\u0259lumata g\u00f6r\u0259, bu g\u00f6st\u0259rici \u00f6t\u0259n ilin eyni d\u00f6vr\u00fc il\u0259 m\u00fcqayis\u0259d\u0259 3,9 d\u0259f\u0259 azd\u0131r.<br \/>\nHesabata \u0259sas\u0259n, yanvar-mart aylar\u0131nda kredit ittifaqlar\u0131n\u0131n \u00fcmumi g\u0259lirl\u0259ri 0,6 milyon manat t\u0259\u015fkil edib v\u0259 bu, illik m\u00fcqayis\u0259d\u0259 d\u0259yi\u015fm\u0259yib. X\u0259rcl\u0259r is\u0259 25 faiz azalaraq 0,3 milyon manat olub.<br \/>\nEyni zamanda, x\u00fcsusi ehtiyatlara ay\u0131rmalar 2 d\u0259f\u0259 azalaraq 1 milyon manat s\u0259viyy\u0259sind\u0259 qeyd\u0259 al\u0131n\u0131b.<br \/>\nQeyd olunur ki, z\u0259r\u0259rin azalmas\u0131 kredit ittifaqlar\u0131n\u0131n maliyy\u0259 v\u0259ziyy\u0259tind\u0259 nisbi sabitliyin yarand\u0131\u011f\u0131n\u0131 g\u00f6st\u0259rir.<\/p>\n","protected":false},"excerpt":{"rendered":"<p>Az\u0259rbaycan.media x\u0259b\u0259r verir ki, Az\u0259rbaycanda f\u0259aliyy\u0259t g\u00f6st\u0259r\u0259n kredit ittifaqlar\u0131 bu ilin ilk r\u00fcb\u00fcn\u00fc 0,7 milyon manat z\u0259r\u0259rl\u0259 ba\u015fa vurub. Az\u0259rbaycan M\u0259rk\u0259zi Bank\u0131na istinad\u0259n veril\u0259n m\u0259lumata g\u00f6r\u0259, bu g\u00f6st\u0259rici \u00f6t\u0259n ilin&hellip; <\/p>\n","protected":false},"author":537,"featured_media":77082,"comment_status":"closed","ping_status":"closed","sticky":false,"template":"","format":"standard","meta":{"footnotes":""},"categories":[77],"tags":[],"class_list":["post-77081","post","type-post","status-publish","format-standard","has-post-thumbnail","hentry","category-maliyy"],"_links":{"self":[{"href":"https:\/\/azerbaycan.media\/index.php?rest_route=\/wp\/v2\/posts\/77081","targetHints":{"allow":["GET"]}}],"collection":[{"href":"https:\/\/azerbaycan.media\/index.php?rest_route=\/wp\/v2\/posts"}],"about":[{"href":"https:\/\/azerbaycan.media\/index.php?rest_route=\/wp\/v2\/types\/post"}],"author":[{"embeddable":true,"href":"https:\/\/azerbaycan.media\/index.php?rest_route=\/wp\/v2\/users\/537"}],"replies":[{"embeddable":true,"href":"https:\/\/azerbaycan.media\/index.php?rest_route=%2Fwp%2Fv2%2Fcomments&post=77081"}],"version-history":[{"count":2,"href":"https:\/\/azerbaycan.media\/index.php?rest_route=\/wp\/v2\/posts\/77081\/revisions"}],"predecessor-version":[{"id":77084,"href":"https:\/\/azerbaycan.media\/index.php?rest_route=\/wp\/v2\/posts\/77081\/revisions\/77084"}],"wp:featuredmedia":[{"embeddable":true,"href":"https:\/\/azerbaycan.media\/index.php?rest_route=\/wp\/v2\/media\/77082"}],"wp:attachment":[{"href":"https:\/\/azerbaycan.media\/index.php?rest_route=%2Fwp%2Fv2%2Fmedia&parent=77081"}],"wp:term":[{"taxonomy":"category","embeddable":true,"href":"https:\/\/azerbaycan.media\/index.php?rest_route=%2Fwp%2Fv2%2Fcategories&post=77081"},{"taxonomy":"post_tag","embeddable":true,"href":"https:\/\/azerbaycan.media\/index.php?rest_route=%2Fwp%2Fv2%2Ftags&post=77081"}],"curies":[{"name":"wp","href":"https:\/\/api.w.org\/{rel}","templated":true}]}}