{"id":77077,"date":"2026-04-29T11:52:24","date_gmt":"2026-04-29T07:52:24","guid":{"rendered":"https:\/\/azerbaycan.media\/?p=77077"},"modified":"2026-04-29T11:52:24","modified_gmt":"2026-04-29T07:52:24","slug":"xaricd%c9%99-saxlanilan-axtarisda-olan-az%c9%99rbaycanlilarin-olk%c9%99y%c9%99-g%c9%99tirilm%c9%99si-gozl%c9%99nilir","status":"publish","type":"post","link":"https:\/\/azerbaycan.media\/?p=77077","title":{"rendered":"Xaricd\u0259 saxlan\u0131lan axtar\u0131\u015fda olan az\u0259rbaycanl\u0131lar\u0131n \u00f6lk\u0259y\u0259 g\u0259tirilm\u0259si g\u00f6zl\u0259nilir"},"content":{"rendered":"<p><strong>Az\u0259rbaycan.media<\/strong> x\u0259b\u0259r verir ki, beyn\u0259lxalq axtar\u0131\u015fda olan Az\u0259rbaycan v\u0259t\u0259nda\u015flar\u0131n\u0131n yerl\u0259ri m\u00fc\u0259yy\u0259n edil\u0259r\u0259k saxlan\u0131l\u0131blar.<br \/>\nDaxili \u0130\u015fl\u0259r Nazirliyinin M\u0259tbuat xidm\u0259tind\u0259n veril\u0259n m\u0259lumata g\u00f6r\u0259, d\u0259l\u0259duzluq madd\u0259si il\u0259 ba\u015flanm\u0131\u015f cinay\u0259t i\u015fl\u0259ri \u00fczr\u0259 Bin\u0259q\u0259di RP\u0130 t\u0259r\u0259find\u0259n axtar\u0131\u015fda olan Muraz Qurbanov Birl\u0259\u015fmi\u015f \u018fr\u0259b \u018fmirlikl\u0259ri \u0259razisind\u0259, Suraxan\u0131 RP\u0130 t\u0259r\u0259find\u0259n axtar\u0131\u015fda olan \u018fla\u011fa \u0130smay\u0131lov Ukraynada, Sumqay\u0131t \u015eP\u0130 t\u0259r\u0259find\u0259n axtar\u0131\u015fda olan Elmir Nuriyev is\u0259 Almaniyada m\u00fc\u0259yy\u0259n edil\u0259r\u0259k \u0130nterpol kanallar\u0131 vasit\u0259sil\u0259 saxlan\u0131l\u0131blar.<br \/>\nBildirilib ki, D\u0130N-in \u0130nterpolun Milli M\u0259rk\u0259zi B\u00fcrosu t\u0259r\u0259find\u0259n t\u0259qsirl\u0259ndiril\u0259n \u015f\u0259xsl\u0259rin aidiyy\u0259ti qurumlarla birg\u0259 Az\u0259rbaycana g\u0259tirilm\u0259si istiqam\u0259tind\u0259 t\u0259dbirl\u0259r davam etdirilir.<\/p>\n","protected":false},"excerpt":{"rendered":"<p>Az\u0259rbaycan.media x\u0259b\u0259r verir ki, beyn\u0259lxalq axtar\u0131\u015fda olan Az\u0259rbaycan v\u0259t\u0259nda\u015flar\u0131n\u0131n yerl\u0259ri m\u00fc\u0259yy\u0259n edil\u0259r\u0259k saxlan\u0131l\u0131blar. Daxili \u0130\u015fl\u0259r Nazirliyinin M\u0259tbuat xidm\u0259tind\u0259n veril\u0259n m\u0259lumata g\u00f6r\u0259, d\u0259l\u0259duzluq madd\u0259si il\u0259 ba\u015flanm\u0131\u015f cinay\u0259t i\u015fl\u0259ri \u00fczr\u0259 Bin\u0259q\u0259di RP\u0130&hellip; <\/p>\n","protected":false},"author":537,"featured_media":77078,"comment_status":"closed","ping_status":"closed","sticky":false,"template":"","format":"standard","meta":{"footnotes":""},"categories":[75],"tags":[],"class_list":["post-77077","post","type-post","status-publish","format-standard","has-post-thumbnail","hentry","category-xbrlr"],"_links":{"self":[{"href":"https:\/\/azerbaycan.media\/index.php?rest_route=\/wp\/v2\/posts\/77077","targetHints":{"allow":["GET"]}}],"collection":[{"href":"https:\/\/azerbaycan.media\/index.php?rest_route=\/wp\/v2\/posts"}],"about":[{"href":"https:\/\/azerbaycan.media\/index.php?rest_route=\/wp\/v2\/types\/post"}],"author":[{"embeddable":true,"href":"https:\/\/azerbaycan.media\/index.php?rest_route=\/wp\/v2\/users\/537"}],"replies":[{"embeddable":true,"href":"https:\/\/azerbaycan.media\/index.php?rest_route=%2Fwp%2Fv2%2Fcomments&post=77077"}],"version-history":[{"count":2,"href":"https:\/\/azerbaycan.media\/index.php?rest_route=\/wp\/v2\/posts\/77077\/revisions"}],"predecessor-version":[{"id":77080,"href":"https:\/\/azerbaycan.media\/index.php?rest_route=\/wp\/v2\/posts\/77077\/revisions\/77080"}],"wp:featuredmedia":[{"embeddable":true,"href":"https:\/\/azerbaycan.media\/index.php?rest_route=\/wp\/v2\/media\/77078"}],"wp:attachment":[{"href":"https:\/\/azerbaycan.media\/index.php?rest_route=%2Fwp%2Fv2%2Fmedia&parent=77077"}],"wp:term":[{"taxonomy":"category","embeddable":true,"href":"https:\/\/azerbaycan.media\/index.php?rest_route=%2Fwp%2Fv2%2Fcategories&post=77077"},{"taxonomy":"post_tag","embeddable":true,"href":"https:\/\/azerbaycan.media\/index.php?rest_route=%2Fwp%2Fv2%2Ftags&post=77077"}],"curies":[{"name":"wp","href":"https:\/\/api.w.org\/{rel}","templated":true}]}}