{"id":77073,"date":"2026-04-29T11:50:00","date_gmt":"2026-04-29T07:50:00","guid":{"rendered":"https:\/\/azerbaycan.media\/?p=77073"},"modified":"2026-04-29T11:50:00","modified_gmt":"2026-04-29T07:50:00","slug":"sara-ezimovaya-yeni-v%c9%99zif%c9%99-verildi","status":"publish","type":"post","link":"https:\/\/azerbaycan.media\/?p=77073","title":{"rendered":"Sara \u018fzimovaya yeni v\u0259zif\u0259 verildi"},"content":{"rendered":"<p><strong>Az\u0259rbaycan.media<\/strong> x\u0259b\u0259r verir ki, Sara \u018fzimova Nax\u00e7\u0131van Muxtar Respublikas\u0131 R\u0259q\u0259msal \u0130nki\u015faf v\u0259 N\u0259qliyyat Nazirliyinin tabeliyind\u0259 f\u0259aliyy\u0259t g\u00f6st\u0259r\u0259n qurumda m\u0259tbuat v\u0259 ictimaiyy\u0259tl\u0259 \u0259laq\u0259l\u0259r \u015f\u00f6b\u0259sinin m\u00fcdiri v\u0259zif\u0259sin\u0259 t\u0259yin edilib.<br \/>\nM\u0259lumata g\u00f6r\u0259, o, bu g\u00fcn kollektiv\u0259 t\u0259qdim olunub.<br \/>\nQeyd ed\u0259k ki, Sara \u018fzimova aprelin 17-d\u0259 \u00f6z \u0259riz\u0259si \u0259sas\u0131nda Nax\u00e7\u0131van Muxtar Respublikas\u0131 Ali M\u0259clisi s\u0259drinin birinci m\u00fcavini B\u0259xtiyar M\u0259mm\u0259dovun s\u0259r\u0259ncam\u0131 il\u0259 \u201c\u015e\u0259rq qap\u0131s\u0131\u201d q\u0259zetinin ba\u015f redaktoru v\u0259zif\u0259sind\u0259n azad edilmi\u015fdi.<\/p>\n","protected":false},"excerpt":{"rendered":"<p>Az\u0259rbaycan.media x\u0259b\u0259r verir ki, Sara \u018fzimova Nax\u00e7\u0131van Muxtar Respublikas\u0131 R\u0259q\u0259msal \u0130nki\u015faf v\u0259 N\u0259qliyyat Nazirliyinin tabeliyind\u0259 f\u0259aliyy\u0259t g\u00f6st\u0259r\u0259n qurumda m\u0259tbuat v\u0259 ictimaiyy\u0259tl\u0259 \u0259laq\u0259l\u0259r \u015f\u00f6b\u0259sinin m\u00fcdiri v\u0259zif\u0259sin\u0259 t\u0259yin edilib. M\u0259lumata g\u00f6r\u0259, o,&hellip; <\/p>\n","protected":false},"author":537,"featured_media":77074,"comment_status":"closed","ping_status":"closed","sticky":false,"template":"","format":"standard","meta":{"footnotes":""},"categories":[75],"tags":[],"class_list":["post-77073","post","type-post","status-publish","format-standard","has-post-thumbnail","hentry","category-xbrlr"],"_links":{"self":[{"href":"https:\/\/azerbaycan.media\/index.php?rest_route=\/wp\/v2\/posts\/77073","targetHints":{"allow":["GET"]}}],"collection":[{"href":"https:\/\/azerbaycan.media\/index.php?rest_route=\/wp\/v2\/posts"}],"about":[{"href":"https:\/\/azerbaycan.media\/index.php?rest_route=\/wp\/v2\/types\/post"}],"author":[{"embeddable":true,"href":"https:\/\/azerbaycan.media\/index.php?rest_route=\/wp\/v2\/users\/537"}],"replies":[{"embeddable":true,"href":"https:\/\/azerbaycan.media\/index.php?rest_route=%2Fwp%2Fv2%2Fcomments&post=77073"}],"version-history":[{"count":2,"href":"https:\/\/azerbaycan.media\/index.php?rest_route=\/wp\/v2\/posts\/77073\/revisions"}],"predecessor-version":[{"id":77076,"href":"https:\/\/azerbaycan.media\/index.php?rest_route=\/wp\/v2\/posts\/77073\/revisions\/77076"}],"wp:featuredmedia":[{"embeddable":true,"href":"https:\/\/azerbaycan.media\/index.php?rest_route=\/wp\/v2\/media\/77074"}],"wp:attachment":[{"href":"https:\/\/azerbaycan.media\/index.php?rest_route=%2Fwp%2Fv2%2Fmedia&parent=77073"}],"wp:term":[{"taxonomy":"category","embeddable":true,"href":"https:\/\/azerbaycan.media\/index.php?rest_route=%2Fwp%2Fv2%2Fcategories&post=77073"},{"taxonomy":"post_tag","embeddable":true,"href":"https:\/\/azerbaycan.media\/index.php?rest_route=%2Fwp%2Fv2%2Ftags&post=77073"}],"curies":[{"name":"wp","href":"https:\/\/api.w.org\/{rel}","templated":true}]}}