{"id":77069,"date":"2026-04-29T11:47:18","date_gmt":"2026-04-29T07:47:18","guid":{"rendered":"https:\/\/azerbaycan.media\/?p=77069"},"modified":"2026-04-29T11:47:18","modified_gmt":"2026-04-29T07:47:18","slug":"az%c9%99rbaycanda-yagintili-hava-davam-edir-b%c9%99zi-bolg%c9%99l%c9%99rd%c9%99-qar-yagir","status":"publish","type":"post","link":"https:\/\/azerbaycan.media\/?p=77069","title":{"rendered":"Az\u0259rbaycanda ya\u011f\u0131nt\u0131l\u0131 hava davam edir \u2013 b\u0259zi b\u00f6lg\u0259l\u0259rd\u0259 qar ya\u011f\u0131r"},"content":{"rendered":"<p><strong>Az\u0259rbaycan.media<\/strong> x\u0259b\u0259r verir ki, aprelin 29-u saat 11:00-a olan faktiki hava \u015f\u0259raiti a\u00e7\u0131qlan\u0131b.<br \/>\nMilli Hidrometeorologiya Xidm\u0259tinin m\u0259lumat\u0131na g\u00f6r\u0259, \u00f6lk\u0259 \u0259razisinin \u0259ks\u0259r hiss\u0259sind\u0259 ya\u011f\u0131nt\u0131l\u0131 hava m\u00fc\u015fahid\u0259 olunur. B\u0259zi b\u00f6lg\u0259l\u0259rd\u0259 ya\u011f\u0131nt\u0131lar q\u0131sam\u00fcdd\u0259tli, lakin intensiv xarakter da\u015f\u0131y\u0131r.<br \/>\nBildirilib ki, da\u011fl\u0131q \u0259razil\u0259rd\u0259 \u2013 \u015eahda\u011f, Quba (X\u0131nal\u0131q, Qr\u0131z), Qusar (Laza) istiqam\u0259tl\u0259rind\u0259 qar ya\u011f\u0131r, dig\u0259r \u0259razil\u0259rd\u0259 is\u0259 ya\u011f\u0131\u015f m\u00fc\u015fahid\u0259 olunur.<br \/>\nD\u00fc\u015f\u0259n ya\u011f\u0131nt\u0131n\u0131n miqdar\u0131 Q\u0259b\u0259l\u0259d\u0259 17 mm, O\u011fuzda 12 mm, G\u00f6y\u00e7ayda 9 mm, \u015e\u0259ki v\u0259 Qaxda 8 mm, Yevlax, \u0130smay\u0131ll\u0131, G\u00f6yg\u00f6l v\u0259 \u015eahbuzda 6 mm t\u0259\u015fkil edib. \u015eamax\u0131, X\u0131z\u0131, Xaltan, A\u011fsu v\u0259 Naftalanda 5 mm, Ming\u0259\u00e7evir, K\u00fcrd\u0259mir v\u0259 Qobustanda 4 mm, \u015eabran, Da\u015fk\u0259s\u0259n, T\u0259rt\u0259r, B\u0259rd\u0259, Z\u0259rdab v\u0259 G\u0259d\u0259b\u0259yd\u0259 3 mm ya\u011f\u0131nt\u0131 qeyd\u0259 al\u0131n\u0131b.<br \/>\nBak\u0131da v\u0259 Ab\u015feron yar\u0131madas\u0131nda, el\u0259c\u0259 d\u0259 Beyl\u0259qan, Quba, Yard\u0131ml\u0131, A\u011fdam, Goranboy v\u0259 Ordubadda 2 mm, dig\u0259r rayonlarda is\u0259 1 mm-d\u0259k ya\u011f\u0131nt\u0131 d\u00fc\u015f\u00fcb.<br \/>\nHaz\u0131rda \u00f6lk\u0259 \u00fczr\u0259 qeyri-sabit hava \u015f\u0259raiti davam edir.<\/p>\n","protected":false},"excerpt":{"rendered":"<p>Az\u0259rbaycan.media x\u0259b\u0259r verir ki, aprelin 29-u saat 11:00-a olan faktiki hava \u015f\u0259raiti a\u00e7\u0131qlan\u0131b. Milli Hidrometeorologiya Xidm\u0259tinin m\u0259lumat\u0131na g\u00f6r\u0259, \u00f6lk\u0259 \u0259razisinin \u0259ks\u0259r hiss\u0259sind\u0259 ya\u011f\u0131nt\u0131l\u0131 hava m\u00fc\u015fahid\u0259 olunur. B\u0259zi b\u00f6lg\u0259l\u0259rd\u0259 ya\u011f\u0131nt\u0131lar q\u0131sam\u00fcdd\u0259tli,&hellip; <\/p>\n","protected":false},"author":537,"featured_media":77070,"comment_status":"closed","ping_status":"closed","sticky":false,"template":"","format":"standard","meta":{"footnotes":""},"categories":[71],"tags":[],"class_list":["post-77069","post","type-post","status-publish","format-standard","has-post-thumbnail","hentry","category-sosial"],"_links":{"self":[{"href":"https:\/\/azerbaycan.media\/index.php?rest_route=\/wp\/v2\/posts\/77069","targetHints":{"allow":["GET"]}}],"collection":[{"href":"https:\/\/azerbaycan.media\/index.php?rest_route=\/wp\/v2\/posts"}],"about":[{"href":"https:\/\/azerbaycan.media\/index.php?rest_route=\/wp\/v2\/types\/post"}],"author":[{"embeddable":true,"href":"https:\/\/azerbaycan.media\/index.php?rest_route=\/wp\/v2\/users\/537"}],"replies":[{"embeddable":true,"href":"https:\/\/azerbaycan.media\/index.php?rest_route=%2Fwp%2Fv2%2Fcomments&post=77069"}],"version-history":[{"count":2,"href":"https:\/\/azerbaycan.media\/index.php?rest_route=\/wp\/v2\/posts\/77069\/revisions"}],"predecessor-version":[{"id":77072,"href":"https:\/\/azerbaycan.media\/index.php?rest_route=\/wp\/v2\/posts\/77069\/revisions\/77072"}],"wp:featuredmedia":[{"embeddable":true,"href":"https:\/\/azerbaycan.media\/index.php?rest_route=\/wp\/v2\/media\/77070"}],"wp:attachment":[{"href":"https:\/\/azerbaycan.media\/index.php?rest_route=%2Fwp%2Fv2%2Fmedia&parent=77069"}],"wp:term":[{"taxonomy":"category","embeddable":true,"href":"https:\/\/azerbaycan.media\/index.php?rest_route=%2Fwp%2Fv2%2Fcategories&post=77069"},{"taxonomy":"post_tag","embeddable":true,"href":"https:\/\/azerbaycan.media\/index.php?rest_route=%2Fwp%2Fv2%2Ftags&post=77069"}],"curies":[{"name":"wp","href":"https:\/\/api.w.org\/{rel}","templated":true}]}}