{"id":77065,"date":"2026-04-29T11:43:48","date_gmt":"2026-04-29T07:43:48","guid":{"rendered":"https:\/\/azerbaycan.media\/?p=77065"},"modified":"2026-04-29T11:43:48","modified_gmt":"2026-04-29T07:43:48","slug":"x%c9%99tai-rayonunda-d%c9%99m-qazi-faci%c9%99si-bir-n%c9%99f%c9%99r-olub-azyaslinin-v%c9%99ziyy%c9%99ti-agirdir","status":"publish","type":"post","link":"https:\/\/azerbaycan.media\/?p=77065","title":{"rendered":"X\u0259tai rayonunda d\u0259m qaz\u0131 faci\u0259si: bir n\u0259f\u0259r \u00f6l\u00fcb, azya\u015fl\u0131n\u0131n v\u0259ziyy\u0259ti a\u011f\u0131rd\u0131r"},"content":{"rendered":"<p><strong>Az\u0259rbaycan.media<\/strong> x\u0259b\u0259r verir ki, Bak\u0131n\u0131n X\u0259tai rayonunda d\u0259m qaz\u0131ndan z\u0259h\u0259rl\u0259nm\u0259 hadis\u0259si \u00f6l\u00fcml\u0259 n\u0259tic\u0259l\u0259nib.<br \/>\nHadis\u0259 R. Ba\u011f\u0131rov k\u00fc\u00e7\u0259sind\u0259 yerl\u0259\u015f\u0259n f\u0259rdi ya\u015fay\u0131\u015f evl\u0259rind\u0259n birind\u0259 qeyd\u0259 al\u0131n\u0131b. \u0130lkin m\u0259lumata g\u00f6r\u0259, Neft\u00e7ala rayon sakini, 2009-cu il t\u0259v\u0259ll\u00fcdl\u00fc H.Mustafayevin kiray\u0259d\u0259 ya\u015fad\u0131\u011f\u0131 m\u0259nzil\u0259 qonaq g\u0259l\u0259n A\u011fda\u015f rayon sakini, 2007-ci il t\u0259v\u0259ll\u00fcdl\u00fc Y.Atayev v\u0259 Yevlax rayon sakini, 2012-ci il t\u0259v\u0259ll\u00fcdl\u00fc T.Babayeva hamam ota\u011f\u0131nda olark\u0259n d\u0259m qaz\u0131ndan z\u0259h\u0259rl\u0259nibl\u0259r.<br \/>\nN\u0259tic\u0259d\u0259 19 ya\u015fl\u0131 Y.Atayev hadis\u0259 yerind\u0259 h\u0259yat\u0131n\u0131 itirib. T.Babayeva is\u0259 a\u011f\u0131r v\u0259ziyy\u0259td\u0259 x\u0259st\u0259xanaya yerl\u0259\u015fdirilib.<br \/>\nFaktla ba\u011fl\u0131 ara\u015fd\u0131rma apar\u0131l\u0131r.<\/p>\n","protected":false},"excerpt":{"rendered":"<p>Az\u0259rbaycan.media x\u0259b\u0259r verir ki, Bak\u0131n\u0131n X\u0259tai rayonunda d\u0259m qaz\u0131ndan z\u0259h\u0259rl\u0259nm\u0259 hadis\u0259si \u00f6l\u00fcml\u0259 n\u0259tic\u0259l\u0259nib. Hadis\u0259 R. Ba\u011f\u0131rov k\u00fc\u00e7\u0259sind\u0259 yerl\u0259\u015f\u0259n f\u0259rdi ya\u015fay\u0131\u015f evl\u0259rind\u0259n birind\u0259 qeyd\u0259 al\u0131n\u0131b. \u0130lkin m\u0259lumata g\u00f6r\u0259, Neft\u00e7ala rayon sakini,&hellip; <\/p>\n","protected":false},"author":537,"featured_media":77066,"comment_status":"closed","ping_status":"closed","sticky":false,"template":"","format":"standard","meta":{"footnotes":""},"categories":[62],"tags":[],"class_list":["post-77065","post","type-post","status-publish","format-standard","has-post-thumbnail","hentry","category-hadis"],"_links":{"self":[{"href":"https:\/\/azerbaycan.media\/index.php?rest_route=\/wp\/v2\/posts\/77065","targetHints":{"allow":["GET"]}}],"collection":[{"href":"https:\/\/azerbaycan.media\/index.php?rest_route=\/wp\/v2\/posts"}],"about":[{"href":"https:\/\/azerbaycan.media\/index.php?rest_route=\/wp\/v2\/types\/post"}],"author":[{"embeddable":true,"href":"https:\/\/azerbaycan.media\/index.php?rest_route=\/wp\/v2\/users\/537"}],"replies":[{"embeddable":true,"href":"https:\/\/azerbaycan.media\/index.php?rest_route=%2Fwp%2Fv2%2Fcomments&post=77065"}],"version-history":[{"count":2,"href":"https:\/\/azerbaycan.media\/index.php?rest_route=\/wp\/v2\/posts\/77065\/revisions"}],"predecessor-version":[{"id":77068,"href":"https:\/\/azerbaycan.media\/index.php?rest_route=\/wp\/v2\/posts\/77065\/revisions\/77068"}],"wp:featuredmedia":[{"embeddable":true,"href":"https:\/\/azerbaycan.media\/index.php?rest_route=\/wp\/v2\/media\/77066"}],"wp:attachment":[{"href":"https:\/\/azerbaycan.media\/index.php?rest_route=%2Fwp%2Fv2%2Fmedia&parent=77065"}],"wp:term":[{"taxonomy":"category","embeddable":true,"href":"https:\/\/azerbaycan.media\/index.php?rest_route=%2Fwp%2Fv2%2Fcategories&post=77065"},{"taxonomy":"post_tag","embeddable":true,"href":"https:\/\/azerbaycan.media\/index.php?rest_route=%2Fwp%2Fv2%2Ftags&post=77065"}],"curies":[{"name":"wp","href":"https:\/\/api.w.org\/{rel}","templated":true}]}}