{"id":77059,"date":"2026-04-29T11:35:15","date_gmt":"2026-04-29T07:35:15","guid":{"rendered":"https:\/\/azerbaycan.media\/?p=77059"},"modified":"2026-04-29T11:35:15","modified_gmt":"2026-04-29T07:35:15","slug":"az%c9%99rbaycan-numay%c9%99nd%c9%99-hey%c9%99ti-ir%c9%99vana-s%c9%99f%c9%99r-edib-detallar-aciqlanmayib","status":"publish","type":"post","link":"https:\/\/azerbaycan.media\/?p=77059","title":{"rendered":"Az\u0259rbaycan n\u00fcmay\u0259nd\u0259 hey\u0259ti \u0130r\u0259vana s\u0259f\u0259r edib \u2013 Detallar a\u00e7\u0131qlanmay\u0131b"},"content":{"rendered":"<p><strong>Az\u0259rbaycan.media<\/strong> x\u0259b\u0259r verir ki, Az\u0259rbaycan\u0131n r\u0259smi n\u00fcmay\u0259nd\u0259 hey\u0259ti Erm\u0259nistana s\u0259f\u0259r edib.<br \/>\nErm\u0259nistan m\u0259tbuat\u0131n\u0131n yayd\u0131\u011f\u0131 m\u0259lumata \u0259sas\u0259n, Bak\u0131dan yola d\u00fc\u015f\u0259n n\u00fcmay\u0259nd\u0259 hey\u0259tini da\u015f\u0131yan AZAL-a m\u0259xsus t\u0259yyar\u0259 \u0130r\u0259vandak\u0131 \u201cZvartnots\u201d beyn\u0259lxalq hava liman\u0131na eni\u015f edib. M\u0259lumat Erm\u0259nistan\u0131n M\u00fclki Aviasiya Komit\u0259si t\u0259r\u0259find\u0259n d\u0259 t\u0259sdiql\u0259nib.<br \/>\nHaz\u0131rda n\u00fcmay\u0259nd\u0259 hey\u0259tinin t\u0259rkibi v\u0259 s\u0259f\u0259rin m\u0259qs\u0259di il\u0259 ba\u011fl\u0131 r\u0259smi a\u00e7\u0131qlama verilm\u0259yib. Erm\u0259nistan t\u0259r\u0259fi yaln\u0131z Az\u0259rbaycandan r\u0259smi n\u00fcmay\u0259nd\u0259 hey\u0259tinin \u00f6lk\u0259y\u0259 daxil oldu\u011funu bildirib.<br \/>\nS\u0259f\u0259rl\u0259 ba\u011fl\u0131 \u0259lav\u0259 m\u0259lumatlar\u0131n yax\u0131n saatlarda a\u00e7\u0131qlanaca\u011f\u0131 g\u00f6zl\u0259nilir.<\/p>\n","protected":false},"excerpt":{"rendered":"<p>Az\u0259rbaycan.media x\u0259b\u0259r verir ki, Az\u0259rbaycan\u0131n r\u0259smi n\u00fcmay\u0259nd\u0259 hey\u0259ti Erm\u0259nistana s\u0259f\u0259r edib. Erm\u0259nistan m\u0259tbuat\u0131n\u0131n yayd\u0131\u011f\u0131 m\u0259lumata \u0259sas\u0259n, Bak\u0131dan yola d\u00fc\u015f\u0259n n\u00fcmay\u0259nd\u0259 hey\u0259tini da\u015f\u0131yan AZAL-a m\u0259xsus t\u0259yyar\u0259 \u0130r\u0259vandak\u0131 \u201cZvartnots\u201d beyn\u0259lxalq hava liman\u0131na&hellip; <\/p>\n","protected":false},"author":537,"featured_media":77060,"comment_status":"closed","ping_status":"closed","sticky":false,"template":"","format":"standard","meta":{"footnotes":""},"categories":[75],"tags":[],"class_list":["post-77059","post","type-post","status-publish","format-standard","has-post-thumbnail","hentry","category-xbrlr"],"_links":{"self":[{"href":"https:\/\/azerbaycan.media\/index.php?rest_route=\/wp\/v2\/posts\/77059","targetHints":{"allow":["GET"]}}],"collection":[{"href":"https:\/\/azerbaycan.media\/index.php?rest_route=\/wp\/v2\/posts"}],"about":[{"href":"https:\/\/azerbaycan.media\/index.php?rest_route=\/wp\/v2\/types\/post"}],"author":[{"embeddable":true,"href":"https:\/\/azerbaycan.media\/index.php?rest_route=\/wp\/v2\/users\/537"}],"replies":[{"embeddable":true,"href":"https:\/\/azerbaycan.media\/index.php?rest_route=%2Fwp%2Fv2%2Fcomments&post=77059"}],"version-history":[{"count":2,"href":"https:\/\/azerbaycan.media\/index.php?rest_route=\/wp\/v2\/posts\/77059\/revisions"}],"predecessor-version":[{"id":77062,"href":"https:\/\/azerbaycan.media\/index.php?rest_route=\/wp\/v2\/posts\/77059\/revisions\/77062"}],"wp:featuredmedia":[{"embeddable":true,"href":"https:\/\/azerbaycan.media\/index.php?rest_route=\/wp\/v2\/media\/77060"}],"wp:attachment":[{"href":"https:\/\/azerbaycan.media\/index.php?rest_route=%2Fwp%2Fv2%2Fmedia&parent=77059"}],"wp:term":[{"taxonomy":"category","embeddable":true,"href":"https:\/\/azerbaycan.media\/index.php?rest_route=%2Fwp%2Fv2%2Fcategories&post=77059"},{"taxonomy":"post_tag","embeddable":true,"href":"https:\/\/azerbaycan.media\/index.php?rest_route=%2Fwp%2Fv2%2Ftags&post=77059"}],"curies":[{"name":"wp","href":"https:\/\/api.w.org\/{rel}","templated":true}]}}