{"id":77020,"date":"2026-04-29T08:46:14","date_gmt":"2026-04-29T04:46:14","guid":{"rendered":"https:\/\/azerbaycan.media\/?p=77020"},"modified":"2026-04-29T08:46:14","modified_gmt":"2026-04-29T04:46:14","slug":"bakida-%c9%99sas-magistral-yollarda-ciddi-n%c9%99qliyyat-sixligi-musahid%c9%99-olunur-siyahi","status":"publish","type":"post","link":"https:\/\/azerbaycan.media\/?p=77020","title":{"rendered":"Bak\u0131da \u0259sas magistral yollarda ciddi n\u0259qliyyat s\u0131xl\u0131\u011f\u0131 m\u00fc\u015fahid\u0259 olunur \u2013 siyah\u0131"},"content":{"rendered":"<p><strong>Az\u0259rbaycan.media<\/strong> x\u0259b\u0259r verir ki, Bak\u0131da s\u0259h\u0259r saatlar\u0131ndan etibar\u0259n \u015f\u0259h\u0259rin bir s\u0131ra \u0259sas k\u00fc\u00e7\u0259 v\u0259 prospektl\u0259rind\u0259 n\u0259qliyyat\u0131n h\u0259r\u0259k\u0259tind\u0259 ciddi s\u0131xl\u0131q yaran\u0131b. Daxili \u0130\u015fl\u0259r Nazirliyinin N\u0259qliyyat\u0131 \u0130ntellektual \u0130dar\u0259etm\u0259 M\u0259rk\u0259zinin (N\u0130\u0130M) yayd\u0131\u011f\u0131 m\u0259lumata \u0259sas\u0259n, paytaxt yollar\u0131nda avtomobill\u0259rin intensivliyi x\u00fcsusil\u0259 m\u0259rk\u0259z istiqam\u0259tind\u0259 h\u0259r\u0259k\u0259td\u0259 olan istiqam\u0259tl\u0259rd\u0259 daha \u00e7ox qeyd\u0259 al\u0131n\u0131b.<br \/>\nM\u0259lumata g\u00f6r\u0259, haz\u0131rk\u0131 v\u0259ziyy\u0259t \u015f\u0259h\u0259r n\u0259qliyyat\u0131nda y\u00fckl\u0259nm\u0259nin artd\u0131\u011f\u0131n\u0131 v\u0259 b\u0259zi \u0259sas yol arteriyalar\u0131nda h\u0259r\u0259k\u0259tin yava\u015flad\u0131\u011f\u0131n\u0131 g\u00f6st\u0259rir. S\u0131xl\u0131q \u0259sas\u0259n i\u015f saatlar\u0131na t\u0259sad\u00fcf etdiyind\u0259n, s\u00fcr\u00fcc\u00fcl\u0259rin alternativ mar\u015frutlardan istifad\u0259 etm\u0259si t\u00f6vsiy\u0259 olunur.<br \/>\nHaz\u0131rda Bak\u0131da s\u0131xl\u0131q m\u00fc\u015fahid\u0259 olunan yollar a\u015fa\u011f\u0131dak\u0131lard\u0131r:<br \/>\nBak\u0131\u2013Sumqay\u0131t \u015fosesi, \u201c20 Yanvar\u201d metro stansiyas\u0131 istiqam\u0259tind\u0259<br \/>\nAl\u0131 Mustafayev k\u00fc\u00e7\u0259si, Ziya B\u00fcnyadov prospekti istiqam\u0259tind\u0259<br \/>\n\u018fbd\u00fclvahab Salamzad\u0259 k\u00fc\u00e7\u0259si, Ziya B\u00fcnyadov prospekti istiqam\u0259tind\u0259<br \/>\nZiya B\u00fcnyadov prospekti, M\u00fcz\u0259ff\u0259r N\u0259rimanov k\u00fc\u00e7\u0259si il\u0259 k\u0259si\u015fm\u0259d\u0259n \u201c20 Yanvar\u201d metro stansiyas\u0131 istiqam\u0259tind\u0259<br \/>\nYusif S\u0259f\u0259rov k\u00fc\u00e7\u0259si, m\u0259rk\u0259z istiqam\u0259tind\u0259<br \/>\nHeyd\u0259r \u018fliyev prospekti (\u0259sas yol), m\u0259rk\u0259z istiqam\u0259tind\u0259<br \/>\nHeyd\u0259r \u018fliyev prospekti (k\u00f6m\u0259k\u00e7i yol), m\u0259rk\u0259z istiqam\u0259tind\u0259<br \/>\nR\u0259\u015fid Behbudov k\u00fc\u00e7\u0259si, M\u0259rk\u0259zi Bank istiqam\u0259tind\u0259<br \/>\nTbilisi prospekti, \u201c20 Yanvar\u201d metro stansiyas\u0131ndan m\u0259rk\u0259z istiqam\u0259tind\u0259<br \/>\n28 May k\u00fc\u00e7\u0259si, Pu\u015fkin k\u00fc\u00e7\u0259si il\u0259 k\u0259si\u015fm\u0259d\u0259n R\u0259\u015fid Behbudov k\u00fc\u00e7\u0259si il\u0259 k\u0259si\u015fm\u0259y\u0259 q\u0259d\u0259r<br \/>\n\u00dczeyir Hac\u0131b\u0259yli k\u00fc\u00e7\u0259si, Azadl\u0131q prospekti il\u0259 k\u0259si\u015fm\u0259y\u0259 q\u0259d\u0259r<br \/>\nMikay\u0131l M\u00fc\u015ffiq k\u00fc\u00e7\u0259si, \u201cBadamdar\u201d dair\u0259sind\u0259n 20 n\u00f6mr\u0259li m\u0259kt\u0259b-lisey istiqam\u0259tind\u0259<br \/>\n1-ci G\u00f6l k\u0259nar\u0131 yolu, Ziya B\u00fcnyadov prospekti istiqam\u0259tind\u0259<br \/>\nBab\u0259k prospekti, m\u0259rk\u0259z istiqam\u0259tind\u0259<br \/>\nBin\u0259q\u0259di \u015fosesi, \u201cAzadl\u0131q prospekti\u201d metro stansiyas\u0131 istiqam\u0259tind\u0259<br \/>\nKoro\u011flu R\u0259himov k\u00fc\u00e7\u0259si, akademik H\u0259s\u0259n \u018fliyev k\u00fc\u00e7\u0259si il\u0259 k\u0259si\u015fm\u0259d\u0259n Heyd\u0259r \u018fliyev prospekti istiqam\u0259tind\u0259<br \/>\nAeroport \u015fosesi, \u201cKoro\u011flu\u201d metro stansiyas\u0131 istiqam\u0259tind\u0259<br \/>\nM\u00fct\u0259x\u0259ssisl\u0259r bildirir ki, bel\u0259 hallarda s\u00fcr\u00fcc\u00fcl\u0259rin ictimai n\u0259qliyyata \u00fcst\u00fcnl\u00fck verm\u0259si v\u0259 ya alternativ yollar\u0131 se\u00e7m\u0259si h\u0259m vaxt itkisini azalda, h\u0259m d\u0259 \u015f\u0259h\u0259r m\u0259rk\u0259zind\u0259 y\u00fck\u00fc nisb\u0259t\u0259n y\u00fcng\u00fcll\u0259\u015fdir\u0259 bil\u0259r.<\/p>\n","protected":false},"excerpt":{"rendered":"<p>Az\u0259rbaycan.media x\u0259b\u0259r verir ki, Bak\u0131da s\u0259h\u0259r saatlar\u0131ndan etibar\u0259n \u015f\u0259h\u0259rin bir s\u0131ra \u0259sas k\u00fc\u00e7\u0259 v\u0259 prospektl\u0259rind\u0259 n\u0259qliyyat\u0131n h\u0259r\u0259k\u0259tind\u0259 ciddi s\u0131xl\u0131q yaran\u0131b. Daxili \u0130\u015fl\u0259r Nazirliyinin N\u0259qliyyat\u0131 \u0130ntellektual \u0130dar\u0259etm\u0259 M\u0259rk\u0259zinin (N\u0130\u0130M) yayd\u0131\u011f\u0131 m\u0259lumata&hellip; <\/p>\n","protected":false},"author":537,"featured_media":77022,"comment_status":"closed","ping_status":"closed","sticky":false,"template":"","format":"standard","meta":{"footnotes":""},"categories":[71],"tags":[],"class_list":["post-77020","post","type-post","status-publish","format-standard","has-post-thumbnail","hentry","category-sosial"],"_links":{"self":[{"href":"https:\/\/azerbaycan.media\/index.php?rest_route=\/wp\/v2\/posts\/77020","targetHints":{"allow":["GET"]}}],"collection":[{"href":"https:\/\/azerbaycan.media\/index.php?rest_route=\/wp\/v2\/posts"}],"about":[{"href":"https:\/\/azerbaycan.media\/index.php?rest_route=\/wp\/v2\/types\/post"}],"author":[{"embeddable":true,"href":"https:\/\/azerbaycan.media\/index.php?rest_route=\/wp\/v2\/users\/537"}],"replies":[{"embeddable":true,"href":"https:\/\/azerbaycan.media\/index.php?rest_route=%2Fwp%2Fv2%2Fcomments&post=77020"}],"version-history":[{"count":2,"href":"https:\/\/azerbaycan.media\/index.php?rest_route=\/wp\/v2\/posts\/77020\/revisions"}],"predecessor-version":[{"id":77024,"href":"https:\/\/azerbaycan.media\/index.php?rest_route=\/wp\/v2\/posts\/77020\/revisions\/77024"}],"wp:featuredmedia":[{"embeddable":true,"href":"https:\/\/azerbaycan.media\/index.php?rest_route=\/wp\/v2\/media\/77022"}],"wp:attachment":[{"href":"https:\/\/azerbaycan.media\/index.php?rest_route=%2Fwp%2Fv2%2Fmedia&parent=77020"}],"wp:term":[{"taxonomy":"category","embeddable":true,"href":"https:\/\/azerbaycan.media\/index.php?rest_route=%2Fwp%2Fv2%2Fcategories&post=77020"},{"taxonomy":"post_tag","embeddable":true,"href":"https:\/\/azerbaycan.media\/index.php?rest_route=%2Fwp%2Fv2%2Ftags&post=77020"}],"curies":[{"name":"wp","href":"https:\/\/api.w.org\/{rel}","templated":true}]}}