{"id":76993,"date":"2026-04-28T15:02:34","date_gmt":"2026-04-28T11:02:34","guid":{"rendered":"https:\/\/azerbaycan.media\/?p=76993"},"modified":"2026-04-28T15:02:34","modified_gmt":"2026-04-28T11:02:34","slug":"baki-marafonu-2026na-25-min-istirakci-qosulacaq","status":"publish","type":"post","link":"https:\/\/azerbaycan.media\/?p=76993","title":{"rendered":"\u201cBak\u0131 Marafonu 2026\u201dna 25 min i\u015ftirak\u00e7\u0131 qo\u015fulacaq&#8221;"},"content":{"rendered":"<p><strong>Az\u0259rbaycan.media<\/strong> x\u0259b\u0259r verir ki, Heyd\u0259r \u018fliyev Fondunun t\u0259\u015f\u0259bb\u00fcs\u00fc il\u0259 bu bazar g\u00fcn\u00fc ke\u00e7iril\u0259c\u0259k \u201cBak\u0131 Marafonu 2026\u201dya 25 min n\u0259f\u0259r qeydiyyatdan ke\u00e7ib.<br \/>\nM\u0259lumata g\u00f6r\u0259, marafonda Az\u0259rbaycan v\u0259t\u0259nda\u015flar\u0131 il\u0259 yana\u015f\u0131, AB\u015e, Almaniya, B\u00f6y\u00fck Britaniya, \u00c7in, G\u00fcrc\u00fcstan, Qazax\u0131stan, Q\u0131r\u011f\u0131z\u0131stan, \u00d6zb\u0259kistan, Rusiya, T\u00fcrkiy\u0259, Ukrayna v\u0259 dig\u0259r \u00f6lk\u0259l\u0259rd\u0259n olan i\u015ftirak\u00e7\u0131lar da birincilik u\u011frunda m\u00fcbariz\u0259 aparacaqlar.<br \/>\nT\u0259\u015fkilat\u00e7\u0131lar bildirirl\u0259r ki, \u0259n\u0259n\u0259vi olaraq bu il d\u0259 fiziki m\u0259hdudiyy\u0259tli \u015f\u0259xsl\u0259r, o c\u00fcml\u0259d\u0259n Daun sindromlu i\u015ftirak\u00e7\u0131lar marafona qat\u0131lacaqlar.<br \/>\nQeyd ed\u0259k ki, aprelin 26-da ke\u00e7iril\u0259n London marafonunda yeni n\u0259tic\u0259 qeyd\u0259 al\u0131n\u0131b. Keniyal\u0131 atlet Sebastian Save 42,195 km m\u0259saf\u0259ni 1 saat 59 d\u0259qiq\u0259 30 saniy\u0259y\u0259 q\u0259t ed\u0259r\u0259k qalib olub v\u0259 d\u00fcnya rekordunu yenil\u0259yib. Qad\u0131nlar aras\u0131nda is\u0259 efiopiyal\u0131 Tigst Assefa 2 saat 15 d\u0259qiq\u0259 41 saniy\u0259 n\u0259tic\u0259 il\u0259 birinci yeri tutub.<br \/>\nBildirilib ki, may\u0131n 3-d\u0259 ke\u00e7iril\u0259c\u0259k Bak\u0131 marafonu bu il ilk d\u0259f\u0259 42 km m\u0259saf\u0259ni \u0259hat\u0259 ed\u0259c\u0259k. Yar\u0131\u015f\u0131n start n\u00f6qt\u0259si D\u00f6vl\u0259t Bayra\u011f\u0131 Meydan\u0131, fini\u015f is\u0259 Sea Breeze \u0259razisi olacaq. Ki\u015fi v\u0259 qad\u0131n i\u015ftirak\u00e7\u0131lar ilk \u00fc\u00e7l\u00fck u\u011frunda m\u00fcbariz\u0259 aparacaqlar.<\/p>\n","protected":false},"excerpt":{"rendered":"<p>Az\u0259rbaycan.media x\u0259b\u0259r verir ki, Heyd\u0259r \u018fliyev Fondunun t\u0259\u015f\u0259bb\u00fcs\u00fc il\u0259 bu bazar g\u00fcn\u00fc ke\u00e7iril\u0259c\u0259k \u201cBak\u0131 Marafonu 2026\u201dya 25 min n\u0259f\u0259r qeydiyyatdan ke\u00e7ib. M\u0259lumata g\u00f6r\u0259, marafonda Az\u0259rbaycan v\u0259t\u0259nda\u015flar\u0131 il\u0259 yana\u015f\u0131, AB\u015e, Almaniya,&hellip; <\/p>\n","protected":false},"author":537,"featured_media":76994,"comment_status":"closed","ping_status":"closed","sticky":false,"template":"","format":"standard","meta":{"footnotes":""},"categories":[60],"tags":[],"class_list":["post-76993","post","type-post","status-publish","format-standard","has-post-thumbnail","hentry","category-idman"],"_links":{"self":[{"href":"https:\/\/azerbaycan.media\/index.php?rest_route=\/wp\/v2\/posts\/76993","targetHints":{"allow":["GET"]}}],"collection":[{"href":"https:\/\/azerbaycan.media\/index.php?rest_route=\/wp\/v2\/posts"}],"about":[{"href":"https:\/\/azerbaycan.media\/index.php?rest_route=\/wp\/v2\/types\/post"}],"author":[{"embeddable":true,"href":"https:\/\/azerbaycan.media\/index.php?rest_route=\/wp\/v2\/users\/537"}],"replies":[{"embeddable":true,"href":"https:\/\/azerbaycan.media\/index.php?rest_route=%2Fwp%2Fv2%2Fcomments&post=76993"}],"version-history":[{"count":2,"href":"https:\/\/azerbaycan.media\/index.php?rest_route=\/wp\/v2\/posts\/76993\/revisions"}],"predecessor-version":[{"id":76996,"href":"https:\/\/azerbaycan.media\/index.php?rest_route=\/wp\/v2\/posts\/76993\/revisions\/76996"}],"wp:featuredmedia":[{"embeddable":true,"href":"https:\/\/azerbaycan.media\/index.php?rest_route=\/wp\/v2\/media\/76994"}],"wp:attachment":[{"href":"https:\/\/azerbaycan.media\/index.php?rest_route=%2Fwp%2Fv2%2Fmedia&parent=76993"}],"wp:term":[{"taxonomy":"category","embeddable":true,"href":"https:\/\/azerbaycan.media\/index.php?rest_route=%2Fwp%2Fv2%2Fcategories&post=76993"},{"taxonomy":"post_tag","embeddable":true,"href":"https:\/\/azerbaycan.media\/index.php?rest_route=%2Fwp%2Fv2%2Ftags&post=76993"}],"curies":[{"name":"wp","href":"https:\/\/api.w.org\/{rel}","templated":true}]}}