{"id":76976,"date":"2026-04-28T14:42:16","date_gmt":"2026-04-28T10:42:16","guid":{"rendered":"https:\/\/azerbaycan.media\/?p=76976"},"modified":"2026-04-28T14:42:16","modified_gmt":"2026-04-28T10:42:16","slug":"amea-elyazmalar-institutunda-elmin-t%c9%99hsil%c9%99-inteqrasiyasi-movzusunda-novb%c9%99ti-seminar-kecirilib","status":"publish","type":"post","link":"https:\/\/azerbaycan.media\/?p=76976","title":{"rendered":"<span style=\"color:red\">AMEA \u018flyazmalar \u0130nstitutunda elmin t\u0259hsil\u0259 inteqrasiyas\u0131 m\u00f6vzusunda n\u00f6vb\u0259ti seminar ke\u00e7irilib<\/span>"},"content":{"rendered":"<p><strong>Az\u0259rbaycan.media<\/strong> x\u0259b\u0259r verir ki, M\u0259h\u0259mm\u0259d F\u00fczuli ad\u0131na \u018flyazmalar \u0130nstitutunda Az\u0259rbaycan Milli Elml\u0259r Akademiyas\u0131n\u0131n m\u00fc\u0259ssis\u0259l\u0259rind\u0259 elmin populyarla\u015fd\u0131r\u0131lmas\u0131 v\u0259 t\u0259dris prosesin\u0259 inteqrasiyas\u0131 istiqam\u0259tind\u0259 n\u00f6vb\u0259ti seminar t\u0259\u015fkil olunub.<br \/>\n\u0130nstitutdan sayt\u0131m\u0131za\u00a0 veril\u0259n m\u0259lumata g\u00f6r\u0259, t\u0259dbird\u0259 Bak\u0131 D\u00f6vl\u0259t Universiteti, Bak\u0131 Slavyan Universiteti v\u0259 X\u0259z\u0259r Universitetinin t\u0259l\u0259b\u0259l\u0259ri, el\u0259c\u0259 d\u0259 \u201cK\u00f6n\u00fcll\u00fcl\u00fck\u201d layih\u0259sinin i\u015ftirak\u00e7\u0131lar\u0131 i\u015ftirak edibl\u0259r.<br \/>\nSeminar \u00e7\u0259r\u00e7iv\u0259sind\u0259 T\u00fcrkdilli \u0259lyazmalar\u0131n t\u0259dqiqi \u015f\u00f6b\u0259sinin apar\u0131c\u0131 elmi i\u015f\u00e7isi Samir\u0259 \u018fliyeva \u201cAz\u0259rbaycan \u0259lyazma kitab\u0131\u201d m\u00f6vzusunda m\u00fchazir\u0259 il\u0259 \u00e7\u0131x\u0131\u015f edib. O, Az\u0259rbaycan \u0259lyazma irsinin z\u0259nginliyi, xarici muzey v\u0259 kitabxanalarda qorunan az\u0259rbaycanl\u0131 m\u00fc\u0259llifl\u0259rin \u0259lyazmalar\u0131, h\u0259m\u00e7inin Vatikan M\u0259xfi Arxivl\u0259r Kitabxanas\u0131 v\u0259 Vatikan Apostolik Kitabxanas\u0131nda saxlan\u0131lan Az\u0259rbaycanla ba\u011fl\u0131 nadir n\u00fcmun\u0259l\u0259r bar\u0259d\u0259 geni\u015f m\u0259lumat verib.<br \/>\nM\u00fchazir\u0259d\u0259 UNESCO-nun \u201cD\u00fcnya Yadda\u015f\u0131\u201d siyah\u0131s\u0131na daxil edil\u0259n v\u0259 \u018flyazmalar \u0130nstitutunda m\u00fchafiz\u0259 olunan be\u015f unikal \u0259lyazma da x\u00fcsusi olaraq diqq\u0259t\u0259 \u00e7atd\u0131r\u0131l\u0131b. Bunlar R\u00fcst\u0259m C\u00fcrcaninin \u201cZ\u0259xireyi-Nizam\u015fahi\u201d (\u201cNizam\u015fah\u0131n ehtiyatlar\u0131\u201d), \u018fb\u00fclqas\u0131m Z\u0259hravinin \u201c\u018fl-m\u0259q\u0259l\u0259tus-s\u0259lasim\u201d (\u201cOtuzuncu traktat\u201d), \u0130bn Sinan\u0131n \u201c\u018fl-qanun fit-tibb\u201d (\u201cTibbi qanun\u201d), M\u0259h\u0259mm\u0259d F\u00fczulinin anadilli \u201cDivan\u201d\u0131 v\u0259 xan q\u0131z\u0131 Xur\u015fidbanu Nat\u0259van\u0131n \u201cG\u00fcl d\u0259ft\u0259ri\u201d \u0259s\u0259rl\u0259ridir.<br \/>\nQeyd olunub ki, bu kimi seminarlar\u0131n ke\u00e7irilm\u0259sind\u0259 \u0259sas m\u0259qs\u0259d t\u0259l\u0259b\u0259l\u0259rin elmi-t\u0259dqiqat bacar\u0131qlar\u0131n\u0131n inki\u015faf etdirilm\u0259si, onlar\u0131n n\u0259z\u0259ri bilikl\u0259rinin praktik m\u00fcst\u0259vid\u0259 g\u00fccl\u0259ndirilm\u0259si v\u0259 ixtisas haz\u0131rl\u0131\u011f\u0131n\u0131n y\u00fcks\u0259ldilm\u0259sidir. T\u0259hsil \u015f\u00f6b\u0259sinin t\u0259\u015fkilat\u00e7\u0131l\u0131\u011f\u0131 il\u0259 ke\u00e7iril\u0259n seminarlar\u0131n may ay\u0131n\u0131n sonunad\u0259k davam etdirilm\u0259si planla\u015fd\u0131r\u0131l\u0131r.<\/p>\n","protected":false},"excerpt":{"rendered":"<p>Az\u0259rbaycan.media x\u0259b\u0259r verir ki, M\u0259h\u0259mm\u0259d F\u00fczuli ad\u0131na \u018flyazmalar \u0130nstitutunda Az\u0259rbaycan Milli Elml\u0259r Akademiyas\u0131n\u0131n m\u00fc\u0259ssis\u0259l\u0259rind\u0259 elmin populyarla\u015fd\u0131r\u0131lmas\u0131 v\u0259 t\u0259dris prosesin\u0259 inteqrasiyas\u0131 istiqam\u0259tind\u0259 n\u00f6vb\u0259ti seminar t\u0259\u015fkil olunub. \u0130nstitutdan sayt\u0131m\u0131za\u00a0 veril\u0259n m\u0259lumata g\u00f6r\u0259,&hellip; <\/p>\n","protected":false},"author":537,"featured_media":76977,"comment_status":"closed","ping_status":"closed","sticky":false,"template":"","format":"standard","meta":{"footnotes":""},"categories":[1,69],"tags":[],"class_list":["post-76976","post","type-post","status-publish","format-standard","has-post-thumbnail","hentry","category-manset","category-thsil"],"_links":{"self":[{"href":"https:\/\/azerbaycan.media\/index.php?rest_route=\/wp\/v2\/posts\/76976","targetHints":{"allow":["GET"]}}],"collection":[{"href":"https:\/\/azerbaycan.media\/index.php?rest_route=\/wp\/v2\/posts"}],"about":[{"href":"https:\/\/azerbaycan.media\/index.php?rest_route=\/wp\/v2\/types\/post"}],"author":[{"embeddable":true,"href":"https:\/\/azerbaycan.media\/index.php?rest_route=\/wp\/v2\/users\/537"}],"replies":[{"embeddable":true,"href":"https:\/\/azerbaycan.media\/index.php?rest_route=%2Fwp%2Fv2%2Fcomments&post=76976"}],"version-history":[{"count":2,"href":"https:\/\/azerbaycan.media\/index.php?rest_route=\/wp\/v2\/posts\/76976\/revisions"}],"predecessor-version":[{"id":76980,"href":"https:\/\/azerbaycan.media\/index.php?rest_route=\/wp\/v2\/posts\/76976\/revisions\/76980"}],"wp:featuredmedia":[{"embeddable":true,"href":"https:\/\/azerbaycan.media\/index.php?rest_route=\/wp\/v2\/media\/76977"}],"wp:attachment":[{"href":"https:\/\/azerbaycan.media\/index.php?rest_route=%2Fwp%2Fv2%2Fmedia&parent=76976"}],"wp:term":[{"taxonomy":"category","embeddable":true,"href":"https:\/\/azerbaycan.media\/index.php?rest_route=%2Fwp%2Fv2%2Fcategories&post=76976"},{"taxonomy":"post_tag","embeddable":true,"href":"https:\/\/azerbaycan.media\/index.php?rest_route=%2Fwp%2Fv2%2Ftags&post=76976"}],"curies":[{"name":"wp","href":"https:\/\/api.w.org\/{rel}","templated":true}]}}