{"id":76972,"date":"2026-04-28T14:36:02","date_gmt":"2026-04-28T10:36:02","guid":{"rendered":"https:\/\/azerbaycan.media\/?p=76972"},"modified":"2026-04-28T14:36:30","modified_gmt":"2026-04-28T10:36:30","slug":"iran-bir-sira-beyn%c9%99lxalq-istiqam%c9%99tl%c9%99r%c9%99-ucuslari-b%c9%99rpa-edib","status":"publish","type":"post","link":"https:\/\/azerbaycan.media\/?p=76972","title":{"rendered":"\u0130ran bir s\u0131ra beyn\u0259lxalq istiqam\u0259tl\u0259r\u0259 u\u00e7u\u015flar\u0131 b\u0259rpa edib"},"content":{"rendered":"<p><strong>Az\u0259rbaycan.media<\/strong> x\u0259b\u0259r verir ki, \u0130ran b\u0259zi beyn\u0259lxalq istiqam\u0259tl\u0259r \u00fczr\u0259 hava n\u0259qliyyat\u0131n\u0131 yenid\u0259n b\u0259rpa edib.<br \/>\nBu bar\u0259d\u0259 Tehran\u0131n \u0130mam Xomeyni Beyn\u0259lxalq Hava Liman\u0131n\u0131n ba\u015f direktoru Ka\u015fif Az\u0259r a\u00e7\u0131qlama verib.<br \/>\nOnun s\u00f6zl\u0259rin\u0259 g\u00f6r\u0259, \u0130stanbul, N\u0259c\u0259f, Maskat v\u0259 Pekin kimi m\u00fch\u00fcm \u015f\u0259h\u0259rl\u0259r\u0259 u\u00e7u\u015flar art\u0131q b\u0259rpa olunub. R\u0259smi qeyd edib ki, yax\u0131n m\u00fcdd\u0259td\u0259 bu siyah\u0131ya dig\u0259r beyn\u0259lxalq istiqam\u0259tl\u0259rin d\u0259 \u0259lav\u0259 olunmas\u0131 n\u0259z\u0259rd\u0259 tutulur.<br \/>\nKa\u015fif Az\u0259r h\u0259m\u00e7inin bildirib ki, xarici hava yollar\u0131 \u015firk\u0259tl\u0259rinin \u0130rana qay\u0131tmas\u0131 il\u0259 ba\u011fl\u0131 m\u00fczakir\u0259l\u0259r davam edir v\u0259 bu proses m\u0259rh\u0259l\u0259li \u015f\u0259kild\u0259 h\u0259yata ke\u00e7iril\u0259c\u0259k.<br \/>\nQeyd ed\u0259k ki, fevral ay\u0131n\u0131n sonunda AB\u015e v\u0259 \u0130srailin \u0130rana qar\u015f\u0131 h\u0259yata ke\u00e7irdiyi h\u00fccumlar fonunda \u00f6lk\u0259d\u0259 b\u00fct\u00fcn beyn\u0259lxalq u\u00e7u\u015flar m\u00fcv\u0259qq\u0259ti dayand\u0131r\u0131lm\u0131\u015fd\u0131.<\/p>\n","protected":false},"excerpt":{"rendered":"<p>Az\u0259rbaycan.media x\u0259b\u0259r verir ki, \u0130ran b\u0259zi beyn\u0259lxalq istiqam\u0259tl\u0259r \u00fczr\u0259 hava n\u0259qliyyat\u0131n\u0131 yenid\u0259n b\u0259rpa edib. Bu bar\u0259d\u0259 Tehran\u0131n \u0130mam Xomeyni Beyn\u0259lxalq Hava Liman\u0131n\u0131n ba\u015f direktoru Ka\u015fif Az\u0259r a\u00e7\u0131qlama verib. Onun s\u00f6zl\u0259rin\u0259&hellip; <\/p>\n","protected":false},"author":537,"featured_media":76973,"comment_status":"closed","ping_status":"closed","sticky":false,"template":"","format":"standard","meta":{"footnotes":""},"categories":[55],"tags":[],"class_list":["post-76972","post","type-post","status-publish","format-standard","has-post-thumbnail","hentry","category-dunya"],"_links":{"self":[{"href":"https:\/\/azerbaycan.media\/index.php?rest_route=\/wp\/v2\/posts\/76972","targetHints":{"allow":["GET"]}}],"collection":[{"href":"https:\/\/azerbaycan.media\/index.php?rest_route=\/wp\/v2\/posts"}],"about":[{"href":"https:\/\/azerbaycan.media\/index.php?rest_route=\/wp\/v2\/types\/post"}],"author":[{"embeddable":true,"href":"https:\/\/azerbaycan.media\/index.php?rest_route=\/wp\/v2\/users\/537"}],"replies":[{"embeddable":true,"href":"https:\/\/azerbaycan.media\/index.php?rest_route=%2Fwp%2Fv2%2Fcomments&post=76972"}],"version-history":[{"count":2,"href":"https:\/\/azerbaycan.media\/index.php?rest_route=\/wp\/v2\/posts\/76972\/revisions"}],"predecessor-version":[{"id":76975,"href":"https:\/\/azerbaycan.media\/index.php?rest_route=\/wp\/v2\/posts\/76972\/revisions\/76975"}],"wp:featuredmedia":[{"embeddable":true,"href":"https:\/\/azerbaycan.media\/index.php?rest_route=\/wp\/v2\/media\/76973"}],"wp:attachment":[{"href":"https:\/\/azerbaycan.media\/index.php?rest_route=%2Fwp%2Fv2%2Fmedia&parent=76972"}],"wp:term":[{"taxonomy":"category","embeddable":true,"href":"https:\/\/azerbaycan.media\/index.php?rest_route=%2Fwp%2Fv2%2Fcategories&post=76972"},{"taxonomy":"post_tag","embeddable":true,"href":"https:\/\/azerbaycan.media\/index.php?rest_route=%2Fwp%2Fv2%2Ftags&post=76972"}],"curies":[{"name":"wp","href":"https:\/\/api.w.org\/{rel}","templated":true}]}}