{"id":76967,"date":"2026-04-28T14:30:08","date_gmt":"2026-04-28T10:30:08","guid":{"rendered":"https:\/\/azerbaycan.media\/?p=76967"},"modified":"2026-04-28T14:31:09","modified_gmt":"2026-04-28T10:31:09","slug":"dovl%c9%99t-xidm%c9%99tl%c9%99ri-haqqinda-f%c9%99rmana-d%c9%99yisiklik-edilib-asan-xidm%c9%99t-v%c9%99-iqtisadiyyat-nazirliyin%c9%99-yeni-s%c9%99lahiyy%c9%99tl%c9%99r-verilib","status":"publish","type":"post","link":"https:\/\/azerbaycan.media\/?p=76967","title":{"rendered":"<span style=\"color:red\">D\u00f6vl\u0259t xidm\u0259tl\u0259ri haqq\u0131nda\u201d f\u0259rmana d\u0259yi\u015fiklik edilib \u2013 ASAN Xidm\u0259t v\u0259 \u0130qtisadiyyat Nazirliyin\u0259 yeni s\u0259lahiyy\u0259tl\u0259r verilib<\/span>"},"content":{"rendered":"<p><span style=\"color: #ff0000;\"><strong>Az\u0259rbaycan.media<\/strong><\/span> x\u0259b\u0259r verir ki, Prezident \u0130lham \u018fliyev \u201cD\u00f6vl\u0259t xidm\u0259tl\u0259ri haqq\u0131nda\u201d 31 oktyabr 2025-ci il tarixli qanunun t\u0259tbiqi v\u0259 ondan ir\u0259li g\u0259l\u0259n m\u0259s\u0259l\u0259l\u0259rin t\u0259nziml\u0259nm\u0259si bar\u0259d\u0259 3 dekabr 2025-ci il tarixli f\u0259rmana d\u0259yi\u015fiklik edib.<br \/>\nModern.az-\u0131n m\u0259lumat\u0131na \u0259sas\u0259n, d\u00f6vl\u0259t ba\u015f\u00e7\u0131s\u0131 bununla ba\u011fl\u0131 yeni f\u0259rman imzalay\u0131b. S\u0259n\u0259d\u0259 \u0259sas\u0259n, \u0130qtisadiyyat Nazirliyi v\u0259 Prezident yan\u0131nda V\u0259t\u0259nda\u015flara Xidm\u0259t v\u0259 Sosial \u0130nnovasiyalar \u00fczr\u0259 D\u00f6vl\u0259t Agentliyi (\u201cASAN Xidm\u0259t\u201d) d\u00f6vl\u0259t xidm\u0259tl\u0259rinin t\u0259\u015fkili sah\u0259sind\u0259 yeni s\u0259lahiyy\u0259tl\u0259r \u0259ld\u0259 edib.<br \/>\nD\u0259yi\u015fikliy\u0259 g\u00f6r\u0259, istifad\u0259\u00e7i \u00fc\u00e7\u00fcn vahid h\u00fcquqi n\u0259tic\u0259 yaradan v\u0259 bir ne\u00e7\u0259 d\u00f6vl\u0259t xidm\u0259tind\u0259n ibar\u0259t olan inzibati icraatlar \u0130qtisadiyyat Nazirliyi t\u0259r\u0259find\u0259n, vahid xidm\u0259t m\u0259rk\u0259zl\u0259ri \u00e7\u0259r\u00e7iv\u0259sind\u0259 is\u0259 \u201cASAN Xidm\u0259t\u201d t\u0259r\u0259find\u0259n \u0259laq\u0259l\u0259ndiril\u0259c\u0259k.<br \/>\nEyni zamanda, d\u00f6vl\u0259t xidm\u0259tl\u0259rinin g\u00f6st\u0259rilm\u0259si zaman\u0131 h\u0259min xidm\u0259tl\u0259rl\u0259 yana\u015f\u0131 sahibkarl\u0131q f\u0259aliyy\u0259ti il\u0259 m\u0259\u015f\u011ful olan fiziki v\u0259 h\u00fcquqi \u015f\u0259xsl\u0259r t\u0259r\u0259find\u0259n \u0259lav\u0259 xidm\u0259tl\u0259r t\u0259qdim olundu\u011fu hallarda onlar\u0131n siyah\u0131s\u0131 xidm\u0259t t\u0259minat\u00e7\u0131s\u0131 v\u0259 \u201cASAN Xidm\u0259t\u201d t\u0259r\u0259find\u0259n m\u00fc\u0259yy\u0259n edil\u0259n qurumun r\u0259smi internet informasiya resursunda yerl\u0259\u015fdiril\u0259c\u0259k v\u0259 m\u00fct\u0259madi yenil\u0259n\u0259c\u0259k.<br \/>\nQeyd edilib ki, bu d\u0259yi\u015fiklik d\u00f6vl\u0259t xidm\u0259tl\u0259rinin daha \u00e7evik, \u015f\u0259ffaf v\u0259 \u0259laq\u0259l\u0259ndirilmi\u015f \u015f\u0259kild\u0259 t\u0259\u015fkilini h\u0259d\u0259fl\u0259yir.<\/p>\n","protected":false},"excerpt":{"rendered":"<p>Az\u0259rbaycan.media x\u0259b\u0259r verir ki, Prezident \u0130lham \u018fliyev \u201cD\u00f6vl\u0259t xidm\u0259tl\u0259ri haqq\u0131nda\u201d 31 oktyabr 2025-ci il tarixli qanunun t\u0259tbiqi v\u0259 ondan ir\u0259li g\u0259l\u0259n m\u0259s\u0259l\u0259l\u0259rin t\u0259nziml\u0259nm\u0259si bar\u0259d\u0259 3 dekabr 2025-ci il tarixli f\u0259rmana&hellip; <\/p>\n","protected":false},"author":537,"featured_media":76968,"comment_status":"closed","ping_status":"closed","sticky":false,"template":"","format":"standard","meta":{"footnotes":""},"categories":[50,1],"tags":[],"class_list":["post-76967","post","type-post","status-publish","format-standard","has-post-thumbnail","hentry","category-gundm","category-manset"],"_links":{"self":[{"href":"https:\/\/azerbaycan.media\/index.php?rest_route=\/wp\/v2\/posts\/76967","targetHints":{"allow":["GET"]}}],"collection":[{"href":"https:\/\/azerbaycan.media\/index.php?rest_route=\/wp\/v2\/posts"}],"about":[{"href":"https:\/\/azerbaycan.media\/index.php?rest_route=\/wp\/v2\/types\/post"}],"author":[{"embeddable":true,"href":"https:\/\/azerbaycan.media\/index.php?rest_route=\/wp\/v2\/users\/537"}],"replies":[{"embeddable":true,"href":"https:\/\/azerbaycan.media\/index.php?rest_route=%2Fwp%2Fv2%2Fcomments&post=76967"}],"version-history":[{"count":3,"href":"https:\/\/azerbaycan.media\/index.php?rest_route=\/wp\/v2\/posts\/76967\/revisions"}],"predecessor-version":[{"id":76971,"href":"https:\/\/azerbaycan.media\/index.php?rest_route=\/wp\/v2\/posts\/76967\/revisions\/76971"}],"wp:featuredmedia":[{"embeddable":true,"href":"https:\/\/azerbaycan.media\/index.php?rest_route=\/wp\/v2\/media\/76968"}],"wp:attachment":[{"href":"https:\/\/azerbaycan.media\/index.php?rest_route=%2Fwp%2Fv2%2Fmedia&parent=76967"}],"wp:term":[{"taxonomy":"category","embeddable":true,"href":"https:\/\/azerbaycan.media\/index.php?rest_route=%2Fwp%2Fv2%2Fcategories&post=76967"},{"taxonomy":"post_tag","embeddable":true,"href":"https:\/\/azerbaycan.media\/index.php?rest_route=%2Fwp%2Fv2%2Ftags&post=76967"}],"curies":[{"name":"wp","href":"https:\/\/api.w.org\/{rel}","templated":true}]}}