{"id":76962,"date":"2026-04-28T14:25:34","date_gmt":"2026-04-28T10:25:34","guid":{"rendered":"https:\/\/azerbaycan.media\/?p=76962"},"modified":"2026-04-28T14:25:34","modified_gmt":"2026-04-28T10:25:34","slug":"zaur-kamalin-layih%c9%99si-arb-tv-d%c9%99-yeni-formatda-efir%c9%99-qayidir","status":"publish","type":"post","link":"https:\/\/azerbaycan.media\/?p=76962","title":{"rendered":"Zaur Kamal\u0131n layih\u0259si ARB TV-d\u0259 yeni formatda efir\u0259 qay\u0131d\u0131r"},"content":{"rendered":"<p><strong>Az\u0259rbaycan.media<\/strong> x\u0259b\u0259r verir ki, apar\u0131c\u0131 Zaur Kamal\u0131n televiziya f\u0259aliyy\u0259tin\u0259 dair yay\u0131lan m\u0259lumatlara ayd\u0131nl\u0131q g\u0259tirilib.<br \/>\nM\u0259lumata g\u00f6r\u0259, bir ne\u00e7\u0259 g\u00fcn \u0259vv\u0259l onun efir\u0259 qay\u0131daca\u011f\u0131 il\u0259 ba\u011fl\u0131 x\u0259b\u0259rl\u0259r yay\u0131lsa da, daha sonra bu informasiyan\u0131n yanl\u0131\u015f oldu\u011fu bildirilmi\u015fdi. Lakin yeni m\u0259lumata \u0259sas\u0259n, layih\u0259 may\u0131n 4-d\u0259n etibar\u0259n ARB TV-d\u0259 yay\u0131mlanacaq.<br \/>\nVerili\u015fin apar\u0131c\u0131s\u0131 mu\u011fam ifa\u00e7\u0131s\u0131 G\u00fclzar F\u0259r\u0259cova olacaq, layih\u0259nin r\u0259hb\u0259rliyi is\u0259 Zaur Kamala m\u0259xsusdur.<br \/>\nQeyd edilib ki, proqram h\u0259ft\u0259i\u00e7i h\u0259r g\u00fcn saat 19:00-da tama\u015fa\u00e7\u0131lara t\u0259qdim olunacaq.<\/p>\n","protected":false},"excerpt":{"rendered":"<p>Az\u0259rbaycan.media x\u0259b\u0259r verir ki, apar\u0131c\u0131 Zaur Kamal\u0131n televiziya f\u0259aliyy\u0259tin\u0259 dair yay\u0131lan m\u0259lumatlara ayd\u0131nl\u0131q g\u0259tirilib. M\u0259lumata g\u00f6r\u0259, bir ne\u00e7\u0259 g\u00fcn \u0259vv\u0259l onun efir\u0259 qay\u0131daca\u011f\u0131 il\u0259 ba\u011fl\u0131 x\u0259b\u0259rl\u0259r yay\u0131lsa da, daha sonra&hellip; <\/p>\n","protected":false},"author":537,"featured_media":76963,"comment_status":"closed","ping_status":"closed","sticky":false,"template":"","format":"standard","meta":{"footnotes":""},"categories":[75],"tags":[],"class_list":["post-76962","post","type-post","status-publish","format-standard","has-post-thumbnail","hentry","category-xbrlr"],"_links":{"self":[{"href":"https:\/\/azerbaycan.media\/index.php?rest_route=\/wp\/v2\/posts\/76962","targetHints":{"allow":["GET"]}}],"collection":[{"href":"https:\/\/azerbaycan.media\/index.php?rest_route=\/wp\/v2\/posts"}],"about":[{"href":"https:\/\/azerbaycan.media\/index.php?rest_route=\/wp\/v2\/types\/post"}],"author":[{"embeddable":true,"href":"https:\/\/azerbaycan.media\/index.php?rest_route=\/wp\/v2\/users\/537"}],"replies":[{"embeddable":true,"href":"https:\/\/azerbaycan.media\/index.php?rest_route=%2Fwp%2Fv2%2Fcomments&post=76962"}],"version-history":[{"count":2,"href":"https:\/\/azerbaycan.media\/index.php?rest_route=\/wp\/v2\/posts\/76962\/revisions"}],"predecessor-version":[{"id":76965,"href":"https:\/\/azerbaycan.media\/index.php?rest_route=\/wp\/v2\/posts\/76962\/revisions\/76965"}],"wp:featuredmedia":[{"embeddable":true,"href":"https:\/\/azerbaycan.media\/index.php?rest_route=\/wp\/v2\/media\/76963"}],"wp:attachment":[{"href":"https:\/\/azerbaycan.media\/index.php?rest_route=%2Fwp%2Fv2%2Fmedia&parent=76962"}],"wp:term":[{"taxonomy":"category","embeddable":true,"href":"https:\/\/azerbaycan.media\/index.php?rest_route=%2Fwp%2Fv2%2Fcategories&post=76962"},{"taxonomy":"post_tag","embeddable":true,"href":"https:\/\/azerbaycan.media\/index.php?rest_route=%2Fwp%2Fv2%2Ftags&post=76962"}],"curies":[{"name":"wp","href":"https:\/\/api.w.org\/{rel}","templated":true}]}}