{"id":76958,"date":"2026-04-28T14:21:26","date_gmt":"2026-04-28T10:21:26","guid":{"rendered":"https:\/\/azerbaycan.media\/?p=76958"},"modified":"2026-04-28T14:26:25","modified_gmt":"2026-04-28T10:26:25","slug":"prezident-ilham-eliyev-sahibkarlari-t%c9%99r%c9%99qqi-medali-il%c9%99-t%c9%99ltif-edib","status":"publish","type":"post","link":"https:\/\/azerbaycan.media\/?p=76958","title":{"rendered":"<span style=\"color:red\">Prezident \u0130lham \u018fliyev sahibkarlar\u0131 \u201cT\u0259r\u0259qqi\u201d medal\u0131 il\u0259 t\u0259ltif edib<\/span>"},"content":{"rendered":"<p><span style=\"color: #ff0000;\"><strong>Az\u0259rbaycan.media<\/strong><\/span> x\u0259b\u0259r verir ki, Prezident \u0130lham \u018fliyev sahibkarl\u0131q sah\u0259sind\u0259 s\u0259m\u0259r\u0259li f\u0259aliyy\u0259tl\u0259ri v\u0259 \u00f6lk\u0259nin iqtisadi inki\u015faf\u0131na verdikl\u0259ri t\u00f6hf\u0259l\u0259r\u0259 g\u00f6r\u0259 bir qrup \u015f\u0259xsin \u201cT\u0259r\u0259qqi\u201d medal\u0131 il\u0259 t\u0259ltif edilm\u0259si haqq\u0131nda S\u0259r\u0259ncam imzalay\u0131b.<br \/>\nS\u0259r\u0259ncama \u0259sas\u0259n, m\u00fcxt\u0259lif sah\u0259l\u0259rd\u0259 f\u0259aliyy\u0259t g\u00f6st\u0259r\u0259n sahibkarlar v\u0259 i\u015f adamlar\u0131 d\u00f6vl\u0259t m\u00fckafat\u0131 il\u0259 t\u0259ltif olunublar. T\u0259ltif olunanlar s\u0131ras\u0131nda \u015e\u0259nay Abbasova, \u0130lkin A\u011famirov, Nem\u0259t Baba\u015fov, M\u00fcbariz Bayramov, S\u0259hliyal\u0131 B\u0259\u015firov, \u018fli \u018fliyev, Vaqif \u018fliyev, Rauf Hac\u0131yev, B\u0259xtiyar H\u00fcseynov, Samir\u0259 H\u00fcseynova, \u0130srafil Qas\u0131mov, R\u0259na Q\u0259f\u0259rova, Muxt\u0259r M\u0259mm\u0259dov, R\u0259na M\u0259mm\u0259dova, Elnur M\u0259nsimov, Nurlan Nur\u0259liyev, Ceyhun V\u0259liyev v\u0259 dig\u0259r \u015f\u0259xsl\u0259r yer al\u0131b.<br \/>\nH\u0259m\u00e7inin Jana Krimpe, Necmeddin Ta\u015fba\u011f v\u0259 Van Ciyi d\u0259 \u201cT\u0259r\u0259qqi\u201d medal\u0131 il\u0259 t\u0259ltif edil\u0259nl\u0259r s\u0131ras\u0131ndad\u0131r.<br \/>\nQeyd edilib ki, bu add\u0131m \u00f6lk\u0259d\u0259 sahibkarl\u0131\u011f\u0131n inki\u015faf\u0131na t\u00f6hf\u0259 ver\u0259n \u015f\u0259xsl\u0259rin f\u0259aliyy\u0259tinin qiym\u0259tl\u0259ndirilm\u0259si v\u0259 t\u0259\u015fviqi m\u0259qs\u0259di da\u015f\u0131y\u0131r.<\/p>\n","protected":false},"excerpt":{"rendered":"<p>Az\u0259rbaycan.media x\u0259b\u0259r verir ki, Prezident \u0130lham \u018fliyev sahibkarl\u0131q sah\u0259sind\u0259 s\u0259m\u0259r\u0259li f\u0259aliyy\u0259tl\u0259ri v\u0259 \u00f6lk\u0259nin iqtisadi inki\u015faf\u0131na verdikl\u0259ri t\u00f6hf\u0259l\u0259r\u0259 g\u00f6r\u0259 bir qrup \u015f\u0259xsin \u201cT\u0259r\u0259qqi\u201d medal\u0131 il\u0259 t\u0259ltif edilm\u0259si haqq\u0131nda S\u0259r\u0259ncam imzalay\u0131b. S\u0259r\u0259ncama&hellip; <\/p>\n","protected":false},"author":537,"featured_media":76960,"comment_status":"closed","ping_status":"closed","sticky":false,"template":"","format":"standard","meta":{"footnotes":""},"categories":[1,148],"tags":[],"class_list":["post-76958","post","type-post","status-publish","format-standard","has-post-thumbnail","hentry","category-manset","category-rsmi-xbr"],"_links":{"self":[{"href":"https:\/\/azerbaycan.media\/index.php?rest_route=\/wp\/v2\/posts\/76958","targetHints":{"allow":["GET"]}}],"collection":[{"href":"https:\/\/azerbaycan.media\/index.php?rest_route=\/wp\/v2\/posts"}],"about":[{"href":"https:\/\/azerbaycan.media\/index.php?rest_route=\/wp\/v2\/types\/post"}],"author":[{"embeddable":true,"href":"https:\/\/azerbaycan.media\/index.php?rest_route=\/wp\/v2\/users\/537"}],"replies":[{"embeddable":true,"href":"https:\/\/azerbaycan.media\/index.php?rest_route=%2Fwp%2Fv2%2Fcomments&post=76958"}],"version-history":[{"count":2,"href":"https:\/\/azerbaycan.media\/index.php?rest_route=\/wp\/v2\/posts\/76958\/revisions"}],"predecessor-version":[{"id":76966,"href":"https:\/\/azerbaycan.media\/index.php?rest_route=\/wp\/v2\/posts\/76958\/revisions\/76966"}],"wp:featuredmedia":[{"embeddable":true,"href":"https:\/\/azerbaycan.media\/index.php?rest_route=\/wp\/v2\/media\/76960"}],"wp:attachment":[{"href":"https:\/\/azerbaycan.media\/index.php?rest_route=%2Fwp%2Fv2%2Fmedia&parent=76958"}],"wp:term":[{"taxonomy":"category","embeddable":true,"href":"https:\/\/azerbaycan.media\/index.php?rest_route=%2Fwp%2Fv2%2Fcategories&post=76958"},{"taxonomy":"post_tag","embeddable":true,"href":"https:\/\/azerbaycan.media\/index.php?rest_route=%2Fwp%2Fv2%2Ftags&post=76958"}],"curies":[{"name":"wp","href":"https:\/\/api.w.org\/{rel}","templated":true}]}}