{"id":76949,"date":"2026-04-28T13:58:21","date_gmt":"2026-04-28T09:58:21","guid":{"rendered":"https:\/\/azerbaycan.media\/?p=76949"},"modified":"2026-04-28T13:59:02","modified_gmt":"2026-04-28T09:59:02","slug":"cexiya-bas-nazirinin-bakiya-s%c9%99f%c9%99ri-iki-olk%c9%99-arasinda-strateji-%c9%99m%c9%99kdasligi-gucl%c9%99ndirir","status":"publish","type":"post","link":"https:\/\/azerbaycan.media\/?p=76949","title":{"rendered":"\u00c7exiya Ba\u015f nazirinin Bak\u0131ya s\u0259f\u0259ri iki \u00f6lk\u0259 aras\u0131nda strateji \u0259m\u0259kda\u015fl\u0131\u011f\u0131 g\u00fccl\u0259ndirir"},"content":{"rendered":"<p><strong>Az\u0259rbaycan.media<\/strong> x\u0259b\u0259r verir ki, Az\u0259rbaycan\u0131n xarici siyas\u0259tind\u0259 Avropa \u00f6lk\u0259l\u0259ri il\u0259 \u0259m\u0259kda\u015fl\u0131\u011f\u0131n geni\u015fl\u0259ndirilm\u0259si m\u00fch\u00fcm istiqam\u0259t olaraq qal\u0131r v\u0259 bu bax\u0131mdan \u00c7ex Respublikas\u0131n\u0131n Ba\u015f naziri Andrey Babi\u015fin \u00f6lk\u0259miz\u0259 r\u0259smi s\u0259f\u0259ri x\u00fcsusi \u0259h\u0259miyy\u0259t da\u015f\u0131y\u0131r.<br \/>\nMilli M\u0259clisin deputat\u0131 Samir V\u0259liyevin s\u00f6zl\u0259rin\u0259 g\u00f6r\u0259, bu s\u0259f\u0259r Az\u0259rbaycan\u0131n yaln\u0131z \u00c7exiya \u00fc\u00e7\u00fcn deyil, b\u00fct\u00f6vl\u00fckd\u0259 Avropa \u0130ttifaq\u0131 \u00fc\u00e7\u00fcn d\u0259 vacib t\u0259r\u0259fda\u015f oldu\u011funu bir daha t\u0259sdiql\u0259yir. O bildirib ki, Az\u0259rbaycan m\u00fcst\u0259qillik ill\u0259rind\u0259n etibar\u0259n \u00c7exiya il\u0259 diplomatik m\u00fcnasib\u0259tl\u0259r qurub v\u0259 2015-ci ild\u0259 imzalanm\u0131\u015f Strateji T\u0259r\u0259fda\u015fl\u0131q haqq\u0131nda Birg\u0259 B\u0259yannam\u0259 bu \u0259laq\u0259l\u0259ri yeni m\u0259rh\u0259l\u0259y\u0259 da\u015f\u0131y\u0131b.<br \/>\nDeputat\u0131n s\u00f6zl\u0259rin\u0259 g\u00f6r\u0259, h\u0259min s\u0259n\u0259d siyasi, iqtisadi v\u0259 enerji sah\u0259l\u0259rind\u0259 \u0259m\u0259kda\u015fl\u0131\u011f\u0131n geni\u015fl\u0259ndirilm\u0259si \u00fc\u00e7\u00fcn \u0259sas yol x\u0259rit\u0259si rolunu oynay\u0131b, h\u0259m\u00e7inin beyn\u0259lxalq h\u00fcququn prinsipl\u0259rin\u0259, o c\u00fcml\u0259d\u0259n \u0259razi b\u00fct\u00f6vl\u00fcy\u00fcn\u0259 qar\u015f\u0131l\u0131ql\u0131 d\u0259st\u0259yin m\u00f6vcudlu\u011fu t\u0259r\u0259fda\u015fl\u0131\u011f\u0131n dayan\u0131ql\u0131\u011f\u0131n\u0131 g\u00f6st\u0259rir.<br \/>\nSamir V\u0259liyev qeyd edib ki, Az\u0259rbaycan Prezidenti \u0130lham \u018fliyevin d\u0259 vur\u011fulad\u0131\u011f\u0131 kimi, iki \u00f6lk\u0259 aras\u0131nda f\u0259al siyasi dialoq m\u00f6vcuddur v\u0259 ke\u00e7iril\u0259n y\u00fcks\u0259k s\u0259viyy\u0259li g\u00f6r\u00fc\u015fl\u0259rd\u0259 regional v\u0259 qlobal m\u0259s\u0259l\u0259l\u0259r m\u00fczakir\u0259 olunur. Onun s\u00f6zl\u0259rin\u0259 g\u00f6r\u0259, iqtisadi-ticar\u0259t \u0259laq\u0259l\u0259rinin daha da geni\u015fl\u0259ndirilm\u0259si \u00fc\u00e7\u00fcn ciddi potensial m\u00f6vcuddur.<br \/>\nDeputat \u0259lav\u0259 edib ki, haz\u0131rda iki \u00f6lk\u0259 aras\u0131nda ticar\u0259t d\u00f6vriyy\u0259si 800 milyon dollardan \u00e7oxdur, lakin bu g\u00f6st\u0259ricid\u0259 \u0259sas pay\u0131n neft ixrac\u0131na d\u00fc\u015fm\u0259si struktur bax\u0131m\u0131ndan balanss\u0131zl\u0131q yarad\u0131r. Az\u0259rbaycan t\u0259r\u0259fi ticar\u0259t \u0259laq\u0259l\u0259rinin daha \u015fax\u0259l\u0259ndirilmi\u015f v\u0259 dayan\u0131ql\u0131 olmas\u0131n\u0131 h\u0259d\u0259fl\u0259yir.<br \/>\nEnerji \u0259m\u0259kda\u015fl\u0131\u011f\u0131na toxunan deputat bildirib ki, Az\u0259rbaycan \u00c7exiya \u00fc\u00e7\u00fcn etibarl\u0131 enerji t\u0259r\u0259fda\u015f\u0131d\u0131r v\u0259 Az\u0259rbaycan nefti bu \u00f6lk\u0259nin enerji balans\u0131nda m\u00fch\u00fcm yer tutur. Haz\u0131rda Az\u0259rbaycan\u0131n qaz\u0131 16 \u00f6lk\u0259y\u0259 ixrac edilir, onlardan 10-u Avropa \u0130ttifaq\u0131na \u00fczvd\u00fcr.<br \/>\n\u00c7exiyan\u0131n Ba\u015f naziri Andrey Babi\u015f is\u0259 s\u0259f\u0259r \u00e7\u0259r\u00e7iv\u0259sind\u0259 Az\u0259rbaycan\u0131n strateji t\u0259r\u0259fda\u015f \u00f6lk\u0259 oldu\u011funu vur\u011fulayaraq, ikit\u0259r\u0259fli m\u00fcnasib\u0259tl\u0259rin dostluq v\u0259 qar\u015f\u0131l\u0131ql\u0131 maraqlara \u0259sasland\u0131\u011f\u0131n\u0131 bildirib. O qeyd edib ki, Az\u0259rbaycan regionda v\u0259 beyn\u0259lxalq miqyasda m\u00fch\u00fcm m\u00f6vqey\u0259 malikdir v\u0259 \u00f6lk\u0259l\u0259r aras\u0131nda \u0259m\u0259kda\u015fl\u0131\u011f\u0131n inki\u015faf\u0131 \u00fc\u00e7\u00fcn geni\u015f imkanlar m\u00f6vcuddur.<br \/>\nQeyd olunub ki, Az\u0259rbaycan-\u00c7exiya biznes forumunda 50-y\u0259 yax\u0131n \u00c7exiya \u015firk\u0259tinin i\u015ftirak\u0131 da iqtisadi \u0259laq\u0259l\u0259r\u0259 artan mara\u011f\u0131n g\u00f6st\u0259ricisidir.<br \/>\nSonda bildirilib ki, \u00c7exiya Ba\u015f nazirinin Az\u0259rbaycana r\u0259smi s\u0259f\u0259ri ikit\u0259r\u0259fli m\u00fcnasib\u0259tl\u0259rin daha da d\u0259rinl\u0259\u015fm\u0259sin\u0259 v\u0259 yeni \u0259m\u0259kda\u015fl\u0131q istiqam\u0259tl\u0259rinin formala\u015fmas\u0131na m\u00fch\u00fcm t\u00f6hf\u0259 ver\u0259c\u0259k.<\/p>\n","protected":false},"excerpt":{"rendered":"<p>Az\u0259rbaycan.media x\u0259b\u0259r verir ki, Az\u0259rbaycan\u0131n xarici siyas\u0259tind\u0259 Avropa \u00f6lk\u0259l\u0259ri il\u0259 \u0259m\u0259kda\u015fl\u0131\u011f\u0131n geni\u015fl\u0259ndirilm\u0259si m\u00fch\u00fcm istiqam\u0259t olaraq qal\u0131r v\u0259 bu bax\u0131mdan \u00c7ex Respublikas\u0131n\u0131n Ba\u015f naziri Andrey Babi\u015fin \u00f6lk\u0259miz\u0259 r\u0259smi s\u0259f\u0259ri x\u00fcsusi \u0259h\u0259miyy\u0259t&hellip; <\/p>\n","protected":false},"author":537,"featured_media":76950,"comment_status":"closed","ping_status":"closed","sticky":false,"template":"","format":"standard","meta":{"footnotes":""},"categories":[75],"tags":[],"class_list":["post-76949","post","type-post","status-publish","format-standard","has-post-thumbnail","hentry","category-xbrlr"],"_links":{"self":[{"href":"https:\/\/azerbaycan.media\/index.php?rest_route=\/wp\/v2\/posts\/76949","targetHints":{"allow":["GET"]}}],"collection":[{"href":"https:\/\/azerbaycan.media\/index.php?rest_route=\/wp\/v2\/posts"}],"about":[{"href":"https:\/\/azerbaycan.media\/index.php?rest_route=\/wp\/v2\/types\/post"}],"author":[{"embeddable":true,"href":"https:\/\/azerbaycan.media\/index.php?rest_route=\/wp\/v2\/users\/537"}],"replies":[{"embeddable":true,"href":"https:\/\/azerbaycan.media\/index.php?rest_route=%2Fwp%2Fv2%2Fcomments&post=76949"}],"version-history":[{"count":2,"href":"https:\/\/azerbaycan.media\/index.php?rest_route=\/wp\/v2\/posts\/76949\/revisions"}],"predecessor-version":[{"id":76953,"href":"https:\/\/azerbaycan.media\/index.php?rest_route=\/wp\/v2\/posts\/76949\/revisions\/76953"}],"wp:featuredmedia":[{"embeddable":true,"href":"https:\/\/azerbaycan.media\/index.php?rest_route=\/wp\/v2\/media\/76950"}],"wp:attachment":[{"href":"https:\/\/azerbaycan.media\/index.php?rest_route=%2Fwp%2Fv2%2Fmedia&parent=76949"}],"wp:term":[{"taxonomy":"category","embeddable":true,"href":"https:\/\/azerbaycan.media\/index.php?rest_route=%2Fwp%2Fv2%2Fcategories&post=76949"},{"taxonomy":"post_tag","embeddable":true,"href":"https:\/\/azerbaycan.media\/index.php?rest_route=%2Fwp%2Fv2%2Ftags&post=76949"}],"curies":[{"name":"wp","href":"https:\/\/api.w.org\/{rel}","templated":true}]}}