{"id":76945,"date":"2026-04-28T13:55:57","date_gmt":"2026-04-28T09:55:57","guid":{"rendered":"https:\/\/azerbaycan.media\/?p=76945"},"modified":"2026-04-28T13:55:57","modified_gmt":"2026-04-28T09:55:57","slug":"moskvada-9-may-q%c9%99l%c9%99b%c9%99-paradi-planlasdirilir-peskov-aciqladi","status":"publish","type":"post","link":"https:\/\/azerbaycan.media\/?p=76945","title":{"rendered":"Moskvada 9 May Q\u0259l\u0259b\u0259 parad\u0131 planla\u015fd\u0131r\u0131l\u0131r \u2013 Peskov a\u00e7\u0131qlad\u0131"},"content":{"rendered":"<p><strong>Az\u0259rbaycan.media<\/strong> x\u0259b\u0259r verir ki, 9 May \u2013 Q\u0259l\u0259b\u0259 G\u00fcn\u00fc m\u00fcnasib\u0259til\u0259 Rusiyan\u0131n paytaxt\u0131 Moskvan\u0131n Q\u0131z\u0131l Meydan\u0131nda \u0259n\u0259n\u0259vi h\u0259rbi parad\u0131n ke\u00e7irilm\u0259si planla\u015fd\u0131r\u0131l\u0131r.<br \/>\nBu bar\u0259d\u0259 Rusiya Prezidentinin m\u0259tbuat katibi Dmitri Peskov brifinq zaman\u0131 m\u0259lumat verib. O bildirib ki, t\u0259dbir \u0259vv\u0259lki ill\u0259rd\u0259 oldu\u011fu kimi bu il d\u0259 t\u0259\u015fkil olunacaq.<br \/>\n\u201c\u018flb\u0259tt\u0259, parad ke\u00e7iril\u0259c\u0259k. Parad\u0131n format\u0131 bar\u0259d\u0259 siz\u0259 vaxt\u0131nda m\u0259lumat veril\u0259c\u0259k\u201d, \u2013 dey\u0259 Peskov qeyd edib.<\/p>\n","protected":false},"excerpt":{"rendered":"<p>Az\u0259rbaycan.media x\u0259b\u0259r verir ki, 9 May \u2013 Q\u0259l\u0259b\u0259 G\u00fcn\u00fc m\u00fcnasib\u0259til\u0259 Rusiyan\u0131n paytaxt\u0131 Moskvan\u0131n Q\u0131z\u0131l Meydan\u0131nda \u0259n\u0259n\u0259vi h\u0259rbi parad\u0131n ke\u00e7irilm\u0259si planla\u015fd\u0131r\u0131l\u0131r. Bu bar\u0259d\u0259 Rusiya Prezidentinin m\u0259tbuat katibi Dmitri Peskov brifinq zaman\u0131&hellip; <\/p>\n","protected":false},"author":537,"featured_media":76946,"comment_status":"closed","ping_status":"closed","sticky":false,"template":"","format":"standard","meta":{"footnotes":""},"categories":[75],"tags":[],"class_list":["post-76945","post","type-post","status-publish","format-standard","has-post-thumbnail","hentry","category-xbrlr"],"_links":{"self":[{"href":"https:\/\/azerbaycan.media\/index.php?rest_route=\/wp\/v2\/posts\/76945","targetHints":{"allow":["GET"]}}],"collection":[{"href":"https:\/\/azerbaycan.media\/index.php?rest_route=\/wp\/v2\/posts"}],"about":[{"href":"https:\/\/azerbaycan.media\/index.php?rest_route=\/wp\/v2\/types\/post"}],"author":[{"embeddable":true,"href":"https:\/\/azerbaycan.media\/index.php?rest_route=\/wp\/v2\/users\/537"}],"replies":[{"embeddable":true,"href":"https:\/\/azerbaycan.media\/index.php?rest_route=%2Fwp%2Fv2%2Fcomments&post=76945"}],"version-history":[{"count":2,"href":"https:\/\/azerbaycan.media\/index.php?rest_route=\/wp\/v2\/posts\/76945\/revisions"}],"predecessor-version":[{"id":76948,"href":"https:\/\/azerbaycan.media\/index.php?rest_route=\/wp\/v2\/posts\/76945\/revisions\/76948"}],"wp:featuredmedia":[{"embeddable":true,"href":"https:\/\/azerbaycan.media\/index.php?rest_route=\/wp\/v2\/media\/76946"}],"wp:attachment":[{"href":"https:\/\/azerbaycan.media\/index.php?rest_route=%2Fwp%2Fv2%2Fmedia&parent=76945"}],"wp:term":[{"taxonomy":"category","embeddable":true,"href":"https:\/\/azerbaycan.media\/index.php?rest_route=%2Fwp%2Fv2%2Fcategories&post=76945"},{"taxonomy":"post_tag","embeddable":true,"href":"https:\/\/azerbaycan.media\/index.php?rest_route=%2Fwp%2Fv2%2Ftags&post=76945"}],"curies":[{"name":"wp","href":"https:\/\/api.w.org\/{rel}","templated":true}]}}