{"id":76933,"date":"2026-04-28T11:54:17","date_gmt":"2026-04-28T07:54:17","guid":{"rendered":"https:\/\/azerbaycan.media\/?p=76933"},"modified":"2026-04-28T11:54:17","modified_gmt":"2026-04-28T07:54:17","slug":"hicran-huseynova-z%c9%99rif%c9%99-eliyeva-az%c9%99rbaycan-xalqinin-yaddasinda-d%c9%99rin-iz-qoyub","status":"publish","type":"post","link":"https:\/\/azerbaycan.media\/?p=76933","title":{"rendered":"<span style=\"color:red\">Hicran H\u00fcseynova: Z\u0259rif\u0259 \u018fliyeva Az\u0259rbaycan xalq\u0131n\u0131n yadda\u015f\u0131nda d\u0259rin iz qoyub<\/span>"},"content":{"rendered":"<p><span style=\"color: #ff0000;\"><strong>Az\u0259rbaycan.media<\/strong><\/span> x\u0259b\u0259r verir ki, Milli M\u0259clisin komit\u0259 s\u0259dri Hicran H\u00fcseynova akademik Z\u0259rif\u0259 \u018fliyevan\u0131n h\u0259yat yolu, elmi f\u0259aliyy\u0259ti v\u0259 m\u0259n\u0259vi irsi bar\u0259d\u0259 dan\u0131\u015f\u0131b.<br \/>\nAZ\u018fRTAC-a a\u00e7\u0131qlama ver\u0259n Hicran H\u00fcseynova bildirib ki, g\u00f6rk\u0259mli oftalmoloq-alim Z\u0259rif\u0259 \u018fliyeva t\u0259kc\u0259 elmi f\u0259aliyy\u0259ti il\u0259 deyil, h\u0259m d\u0259 y\u00fcks\u0259k insani keyfiyy\u0259tl\u0259ri il\u0259 Az\u0259rbaycan c\u0259miyy\u0259tind\u0259 silinm\u0259z iz burax\u0131b.<br \/>\nOnun s\u00f6zl\u0259rin\u0259 g\u00f6r\u0259, Z\u0259rif\u0259 \u018fliyeva Az\u0259rbaycanda ilk qad\u0131n oftalmoloq-alim kimi tibb elminin inki\u015faf\u0131na m\u00fch\u00fcm t\u00f6hf\u0259l\u0259r verib v\u0259 humanizm d\u0259y\u0259rl\u0259ri il\u0259 se\u00e7il\u0259n n\u00fcmun\u0259vi \u015f\u0259xsiyy\u0259t kimi yadda qal\u0131b.<br \/>\nHicran H\u00fcseynova qeyd edib ki, Z\u0259rif\u0259 \u018fliyevan\u0131n formala\u015fd\u0131rd\u0131\u011f\u0131 m\u0259n\u0259vi d\u0259y\u0259rl\u0259r bu g\u00fcn d\u0259 Az\u0259rbaycan c\u0259miyy\u0259tind\u0259 ya\u015famaqda davam edir v\u0259 g\u0259l\u0259c\u0259k n\u0259sill\u0259r\u0259 \u00f6t\u00fcr\u00fcl\u00fcr.<br \/>\nO vur\u011fulay\u0131b ki, Z\u0259rif\u0259 \u018fliyeva v\u0259 \u00dcmummilli Lider Heyd\u0259r \u018fliyevin yaratd\u0131\u011f\u0131 ideoloji v\u0259 m\u0259n\u0259vi irs m\u00fcasir Az\u0259rbaycan\u0131n inki\u015faf\u0131nda m\u00fch\u00fcm rol oynay\u0131r.<br \/>\nDeputat \u0259lav\u0259 edib ki, bu g\u00fcn Prezident \u0130lham \u018fliyevin r\u0259hb\u0259rliyi il\u0259 h\u0259min irs u\u011furla davam etdirilir, d\u00f6vl\u0259t\u00e7ilik \u0259n\u0259n\u0259l\u0259ri m\u00f6hk\u0259ml\u0259ndirilir v\u0259 milli d\u0259y\u0259rl\u0259r qorunur.<br \/>\nSonda Hicran H\u00fcseynova akademik Z\u0259rif\u0259 \u018fliyevan\u0131n xatir\u0259sini d\u0259rin ehtiramla yad ed\u0259r\u0259k onun Az\u0259rbaycan elmi v\u0259 c\u0259miyy\u0259tin\u0259 verdiyi t\u00f6hf\u0259l\u0259ri y\u00fcks\u0259k qiym\u0259tl\u0259ndirib.<\/p>\n","protected":false},"excerpt":{"rendered":"<p>Az\u0259rbaycan.media x\u0259b\u0259r verir ki, Milli M\u0259clisin komit\u0259 s\u0259dri Hicran H\u00fcseynova akademik Z\u0259rif\u0259 \u018fliyevan\u0131n h\u0259yat yolu, elmi f\u0259aliyy\u0259ti v\u0259 m\u0259n\u0259vi irsi bar\u0259d\u0259 dan\u0131\u015f\u0131b. AZ\u018fRTAC-a a\u00e7\u0131qlama ver\u0259n Hicran H\u00fcseynova bildirib ki, g\u00f6rk\u0259mli&hellip; <\/p>\n","protected":false},"author":537,"featured_media":76934,"comment_status":"closed","ping_status":"closed","sticky":false,"template":"","format":"standard","meta":{"footnotes":""},"categories":[1,69],"tags":[],"class_list":["post-76933","post","type-post","status-publish","format-standard","has-post-thumbnail","hentry","category-manset","category-thsil"],"_links":{"self":[{"href":"https:\/\/azerbaycan.media\/index.php?rest_route=\/wp\/v2\/posts\/76933","targetHints":{"allow":["GET"]}}],"collection":[{"href":"https:\/\/azerbaycan.media\/index.php?rest_route=\/wp\/v2\/posts"}],"about":[{"href":"https:\/\/azerbaycan.media\/index.php?rest_route=\/wp\/v2\/types\/post"}],"author":[{"embeddable":true,"href":"https:\/\/azerbaycan.media\/index.php?rest_route=\/wp\/v2\/users\/537"}],"replies":[{"embeddable":true,"href":"https:\/\/azerbaycan.media\/index.php?rest_route=%2Fwp%2Fv2%2Fcomments&post=76933"}],"version-history":[{"count":2,"href":"https:\/\/azerbaycan.media\/index.php?rest_route=\/wp\/v2\/posts\/76933\/revisions"}],"predecessor-version":[{"id":76936,"href":"https:\/\/azerbaycan.media\/index.php?rest_route=\/wp\/v2\/posts\/76933\/revisions\/76936"}],"wp:featuredmedia":[{"embeddable":true,"href":"https:\/\/azerbaycan.media\/index.php?rest_route=\/wp\/v2\/media\/76934"}],"wp:attachment":[{"href":"https:\/\/azerbaycan.media\/index.php?rest_route=%2Fwp%2Fv2%2Fmedia&parent=76933"}],"wp:term":[{"taxonomy":"category","embeddable":true,"href":"https:\/\/azerbaycan.media\/index.php?rest_route=%2Fwp%2Fv2%2Fcategories&post=76933"},{"taxonomy":"post_tag","embeddable":true,"href":"https:\/\/azerbaycan.media\/index.php?rest_route=%2Fwp%2Fv2%2Ftags&post=76933"}],"curies":[{"name":"wp","href":"https:\/\/api.w.org\/{rel}","templated":true}]}}