{"id":76925,"date":"2026-04-28T11:48:28","date_gmt":"2026-04-28T07:48:28","guid":{"rendered":"https:\/\/azerbaycan.media\/?p=76925"},"modified":"2026-04-28T11:48:28","modified_gmt":"2026-04-28T07:48:28","slug":"erm%c9%99nistan-%c9%99trafinda-geosiyasi-balans-pasinyana-d%c9%99st%c9%99k-iddialari-v%c9%99-regionun-g%c9%99l%c9%99c%c9%99yi","status":"publish","type":"post","link":"https:\/\/azerbaycan.media\/?p=76925","title":{"rendered":"Erm\u0259nistan \u0259traf\u0131nda geosiyasi balans: Pa\u015finyana d\u0259st\u0259k iddialar\u0131 v\u0259 regionun g\u0259l\u0259c\u0259yi"},"content":{"rendered":"<p><strong>Az\u0259rbaycan.media<\/strong> x\u0259b\u0259r verir ki, Erm\u0259nistan \u0259traf\u0131nda formala\u015fan siyasi prosesl\u0259r v\u0259 yax\u0131nla\u015fan se\u00e7kil\u0259r fonunda regiondak\u0131 geosiyasi v\u0259ziyy\u0259t yenid\u0259n geni\u015f m\u00fczakir\u0259 predmetin\u0259 \u00e7evrilib.<br \/>\nM\u0259s\u0259l\u0259 il\u0259 ba\u011fl\u0131 Az\u0259rbaycan\u0131n sabiq xarici i\u015fl\u0259r naziri Tofiq Z\u00fclf\u00fcqarov Publika.az-a a\u00e7\u0131qlamas\u0131nda m\u00fcxt\u0259lif dair\u0259l\u0259r t\u0259r\u0259find\u0259n s\u0259sl\u0259ndiril\u0259n \u201cQ\u0259rbin v\u0259 Rusiyan\u0131n Erm\u0259nistandak\u0131 siyasi prosesl\u0259r\u0259 f\u0259rqli t\u0259r\u0259fl\u0259rd\u0259n m\u00fcdaxil\u0259si\u201d iddialar\u0131na m\u00fcnasib\u0259t bildirib.<br \/>\nOnun s\u00f6zl\u0259rin\u0259 g\u00f6r\u0259, \u201cErm\u0259nistanda Avropan\u0131n Pa\u015finyan\u0131, Rusiyan\u0131n is\u0259 m\u00fcxalif\u0259ti d\u0259st\u0259kl\u0259m\u0259si\u201d fikri il\u0259 raz\u0131la\u015fmaq do\u011fru deyil. Z\u00fclf\u00fcqarov hesab edir ki, h\u0259m Rusiya, h\u0259m d\u0259 Avropa \u0130ttifaq\u0131n\u0131n \u00fcmumi yana\u015fmas\u0131nda Pa\u015finyana m\u00fc\u0259yy\u0259n d\u0259st\u0259k elementi m\u00f6vcuddur.<br \/>\nKe\u00e7mi\u015f nazir qeyd edib ki, Kremlin v\u0259 Q\u0259rbin m\u00f6vqel\u0259ri zahir\u0259n f\u0259rqli g\u00f6r\u00fcns\u0259 d\u0259, mahiyy\u0259t etibaril\u0259 ox\u015far istiqam\u0259t da\u015f\u0131y\u0131r v\u0259 bu, Erm\u0259nistan\u0131n daxili siyasi prosesl\u0259rind\u0259 Pa\u015finyan\u0131n rolunu daha da g\u00fccl\u0259ndirir.<br \/>\nO, h\u0259m\u00e7inin Erm\u0259nistanda m\u00fcxalif\u0259tin hakimiyy\u0259t\u0259 g\u0259lm\u0259si ehtimal\u0131n\u0131n real g\u00f6r\u00fcnm\u0259diyini vur\u011fulay\u0131b v\u0259 bu istiqam\u0259td\u0259 yay\u0131lan fikirl\u0259rin daha \u00e7ox siyasi g\u00f6r\u00fcnt\u00fc xarakteri da\u015f\u0131d\u0131\u011f\u0131n\u0131 bildirib.<br \/>\nZ\u00fclf\u00fcqarov KTMT il\u0259 ba\u011fl\u0131 iddialara da toxunaraq, bu t\u0259\u015fkilat \u0259traf\u0131nda yarad\u0131lan b\u0259zi narrativl\u0259rin reall\u0131\u011f\u0131 tam \u0259ks etdirm\u0259diyini qeyd edib. Onun fikrinc\u0259, Erm\u0259nistan v\u0259 Rusiya aras\u0131nda m\u00f6vcud h\u0259rbi-siyasi \u0259m\u0259kda\u015fl\u0131q regional t\u0259hl\u00fck\u0259sizlik balans\u0131nda m\u00fch\u00fcm rol oynamaqda davam edir.<br \/>\nSabiq nazir \u0259lav\u0259 edib ki, Erm\u0259nistan\u0131n iqtisadi, demoqrafik v\u0259 h\u0259rbi bax\u0131mdan Az\u0259rbaycanla m\u00fcqayis\u0259d\u0259 ciddi z\u0259ifliyi m\u00f6vcuddur v\u0259 bu faktorlar regiondak\u0131 g\u00fcc balans\u0131n\u0131 m\u00fc\u0259yy\u0259n ed\u0259n \u0259sas amill\u0259rdir.<br \/>\nSonda o, regionda m\u00f6vcud geosiyasi v\u0259ziyy\u0259tin yax\u0131n perspektivd\u0259 ciddi d\u0259yi\u015fiklikl\u0259r\u0259 s\u0259b\u0259b olaca\u011f\u0131na inanmad\u0131\u011f\u0131n\u0131 bildirib v\u0259 Erm\u0259nistanda ba\u015f ver\u0259n siyasi prosesl\u0259ri daha \u00e7ox daxili siyasi dinamikan\u0131n t\u0259rkib hiss\u0259si kimi qiym\u0259tl\u0259ndirib.<\/p>\n","protected":false},"excerpt":{"rendered":"<p>Az\u0259rbaycan.media x\u0259b\u0259r verir ki, Erm\u0259nistan \u0259traf\u0131nda formala\u015fan siyasi prosesl\u0259r v\u0259 yax\u0131nla\u015fan se\u00e7kil\u0259r fonunda regiondak\u0131 geosiyasi v\u0259ziyy\u0259t yenid\u0259n geni\u015f m\u00fczakir\u0259 predmetin\u0259 \u00e7evrilib. M\u0259s\u0259l\u0259 il\u0259 ba\u011fl\u0131 Az\u0259rbaycan\u0131n sabiq xarici i\u015fl\u0259r naziri Tofiq&hellip; <\/p>\n","protected":false},"author":537,"featured_media":76926,"comment_status":"closed","ping_status":"closed","sticky":false,"template":"","format":"standard","meta":{"footnotes":""},"categories":[74],"tags":[],"class_list":["post-76925","post","type-post","status-publish","format-standard","has-post-thumbnail","hentry","category-musahib"],"_links":{"self":[{"href":"https:\/\/azerbaycan.media\/index.php?rest_route=\/wp\/v2\/posts\/76925","targetHints":{"allow":["GET"]}}],"collection":[{"href":"https:\/\/azerbaycan.media\/index.php?rest_route=\/wp\/v2\/posts"}],"about":[{"href":"https:\/\/azerbaycan.media\/index.php?rest_route=\/wp\/v2\/types\/post"}],"author":[{"embeddable":true,"href":"https:\/\/azerbaycan.media\/index.php?rest_route=\/wp\/v2\/users\/537"}],"replies":[{"embeddable":true,"href":"https:\/\/azerbaycan.media\/index.php?rest_route=%2Fwp%2Fv2%2Fcomments&post=76925"}],"version-history":[{"count":2,"href":"https:\/\/azerbaycan.media\/index.php?rest_route=\/wp\/v2\/posts\/76925\/revisions"}],"predecessor-version":[{"id":76928,"href":"https:\/\/azerbaycan.media\/index.php?rest_route=\/wp\/v2\/posts\/76925\/revisions\/76928"}],"wp:featuredmedia":[{"embeddable":true,"href":"https:\/\/azerbaycan.media\/index.php?rest_route=\/wp\/v2\/media\/76926"}],"wp:attachment":[{"href":"https:\/\/azerbaycan.media\/index.php?rest_route=%2Fwp%2Fv2%2Fmedia&parent=76925"}],"wp:term":[{"taxonomy":"category","embeddable":true,"href":"https:\/\/azerbaycan.media\/index.php?rest_route=%2Fwp%2Fv2%2Fcategories&post=76925"},{"taxonomy":"post_tag","embeddable":true,"href":"https:\/\/azerbaycan.media\/index.php?rest_route=%2Fwp%2Fv2%2Ftags&post=76925"}],"curies":[{"name":"wp","href":"https:\/\/api.w.org\/{rel}","templated":true}]}}