{"id":76917,"date":"2026-04-28T11:31:45","date_gmt":"2026-04-28T07:31:45","guid":{"rendered":"https:\/\/azerbaycan.media\/?p=76917"},"modified":"2026-04-28T11:31:45","modified_gmt":"2026-04-28T07:31:45","slug":"s%c9%99kid%c9%99-tarixi-abid%c9%99l%c9%99r-b%c9%99rpadan-sonra-istifad%c9%99y%c9%99-verildi","status":"publish","type":"post","link":"https:\/\/azerbaycan.media\/?p=76917","title":{"rendered":"<span style=\"color:red\">\u015e\u0259kid\u0259 tarixi abid\u0259l\u0259r b\u0259rpadan sonra istifad\u0259y\u0259 verildi<\/span>"},"content":{"rendered":"<p><span style=\"color: #ff0000;\"><strong>Az\u0259rbaycan.media<\/strong><\/span> x\u0259b\u0259r verir ki, Heyd\u0259r \u018fliyev Fondunun vitse-prezidenti Leyla \u018fliyeva v\u0259 Bak\u0131 Media M\u0259rk\u0259zinin r\u0259hb\u0259ri Arzu \u018fliyeva \u015e\u0259kid\u0259 \u201cYuxar\u0131 Ba\u015f\u201d Milli Tarix-Memarl\u0131q Qoru\u011funun \u0259razisind\u0259 b\u0259rpa olunan bir s\u0131ra tarixi abid\u0259l\u0259rin a\u00e7\u0131l\u0131\u015f\u0131nda i\u015ftirak edibl\u0259r.<br \/>\nS\u0259f\u0259r \u00e7\u0259r\u00e7iv\u0259sind\u0259 onlar \u015e\u0259ki Tarix-Diyar\u015f\u00fcnasl\u0131q Muzeyi, h\u0259m\u00e7inin \u015e\u0259b\u0259k\u0259 Emalatxanas\u0131 v\u0259 T\u0259lim M\u0259rk\u0259zind\u0259 yarad\u0131lm\u0131\u015f \u015f\u0259raitl\u0259 tan\u0131\u015f olublar. Bildirilib ki, h\u0259yata ke\u00e7iril\u0259n b\u0259rpa v\u0259 konservasiya i\u015fl\u0259ri tarixi irsin qorunmas\u0131na, q\u0259dim s\u0259n\u0259tkarl\u0131q \u0259n\u0259n\u0259l\u0259rinin ya\u015fad\u0131lmas\u0131na v\u0259 \u015f\u0259h\u0259rin turizm potensial\u0131n\u0131n art\u0131r\u0131lmas\u0131na xidm\u0259t edir.<br \/>\nMuzeyd\u0259 b\u00f6lg\u0259nin tarixi, m\u0259d\u0259niyy\u0259ti, etnoqrafiyas\u0131 v\u0259 kulinariya irsini \u0259ks etdir\u0259n eksponatlar n\u00fcmayi\u015f olunur. \u00dcmumilikd\u0259 burada 3 mind\u0259n \u00e7ox maddi-m\u0259d\u0259ni n\u00fcmun\u0259 qorunur, onlar\u0131n 1826-s\u0131 s\u0259rgi zallar\u0131nda t\u0259qdim edilir.<br \/>\nQeyd edilib ki, \u201cYuxar\u0131 Ba\u015f\u201d qoru\u011funun \u0259razisind\u0259 yerl\u0259\u015f\u0259n dig\u0259r tarixi abid\u0259l\u0259rin b\u0259rpas\u0131 m\u0259rh\u0259l\u0259li \u015f\u0259kild\u0259 davam etdiril\u0259c\u0259k.<br \/>\nS\u0259f\u0259r zaman\u0131 \u015e\u0259b\u0259k\u0259 Emalatxanas\u0131 v\u0259 T\u0259lim M\u0259rk\u0259zind\u0259 d\u0259 yarad\u0131lan imkanlarla tan\u0131\u015fl\u0131q olub. Burada \u015f\u0259b\u0259k\u0259 s\u0259n\u0259tin\u0259 dair s\u0259rgi salonu, emalatxana v\u0259 t\u0259lim otaqlar\u0131 f\u0259aliyy\u0259t g\u00f6st\u0259rir. Leyla \u018fliyeva v\u0259 Arzu \u018fliyeva tan\u0131nm\u0131\u015f ustad Tofiq R\u0259sulov v\u0259 onun \u015fagirdl\u0259ri il\u0259 g\u00f6r\u00fc\u015f\u0259r\u0259k bu q\u0259dim s\u0259n\u0259t n\u00f6v\u00fcn\u00fcn ya\u015fad\u0131lmas\u0131 istiqam\u0259tind\u0259 g\u00f6r\u00fcl\u0259n i\u015fl\u0259ri y\u00fcks\u0259k qiym\u0259tl\u0259ndiribl\u0259r.<br \/>\nOnlar h\u0259m\u00e7inin \u015firniyyat haz\u0131rlanmas\u0131 prosesind\u0259 i\u015ftirak edib, el\u0259c\u0259 d\u0259 ABAD Keramika m\u0259rk\u0259zi il\u0259 tan\u0131\u015f olublar.<\/p>\n","protected":false},"excerpt":{"rendered":"<p>Az\u0259rbaycan.media x\u0259b\u0259r verir ki, Heyd\u0259r \u018fliyev Fondunun vitse-prezidenti Leyla \u018fliyeva v\u0259 Bak\u0131 Media M\u0259rk\u0259zinin r\u0259hb\u0259ri Arzu \u018fliyeva \u015e\u0259kid\u0259 \u201cYuxar\u0131 Ba\u015f\u201d Milli Tarix-Memarl\u0131q Qoru\u011funun \u0259razisind\u0259 b\u0259rpa olunan bir s\u0131ra tarixi abid\u0259l\u0259rin&hellip; <\/p>\n","protected":false},"author":537,"featured_media":76918,"comment_status":"closed","ping_status":"closed","sticky":false,"template":"","format":"standard","meta":{"footnotes":""},"categories":[50,1],"tags":[],"class_list":["post-76917","post","type-post","status-publish","format-standard","has-post-thumbnail","hentry","category-gundm","category-manset"],"_links":{"self":[{"href":"https:\/\/azerbaycan.media\/index.php?rest_route=\/wp\/v2\/posts\/76917","targetHints":{"allow":["GET"]}}],"collection":[{"href":"https:\/\/azerbaycan.media\/index.php?rest_route=\/wp\/v2\/posts"}],"about":[{"href":"https:\/\/azerbaycan.media\/index.php?rest_route=\/wp\/v2\/types\/post"}],"author":[{"embeddable":true,"href":"https:\/\/azerbaycan.media\/index.php?rest_route=\/wp\/v2\/users\/537"}],"replies":[{"embeddable":true,"href":"https:\/\/azerbaycan.media\/index.php?rest_route=%2Fwp%2Fv2%2Fcomments&post=76917"}],"version-history":[{"count":2,"href":"https:\/\/azerbaycan.media\/index.php?rest_route=\/wp\/v2\/posts\/76917\/revisions"}],"predecessor-version":[{"id":76920,"href":"https:\/\/azerbaycan.media\/index.php?rest_route=\/wp\/v2\/posts\/76917\/revisions\/76920"}],"wp:featuredmedia":[{"embeddable":true,"href":"https:\/\/azerbaycan.media\/index.php?rest_route=\/wp\/v2\/media\/76918"}],"wp:attachment":[{"href":"https:\/\/azerbaycan.media\/index.php?rest_route=%2Fwp%2Fv2%2Fmedia&parent=76917"}],"wp:term":[{"taxonomy":"category","embeddable":true,"href":"https:\/\/azerbaycan.media\/index.php?rest_route=%2Fwp%2Fv2%2Fcategories&post=76917"},{"taxonomy":"post_tag","embeddable":true,"href":"https:\/\/azerbaycan.media\/index.php?rest_route=%2Fwp%2Fv2%2Ftags&post=76917"}],"curies":[{"name":"wp","href":"https:\/\/api.w.org\/{rel}","templated":true}]}}