{"id":76896,"date":"2026-04-28T11:13:00","date_gmt":"2026-04-28T07:13:00","guid":{"rendered":"https:\/\/azerbaycan.media\/?p=76896"},"modified":"2026-04-28T11:13:00","modified_gmt":"2026-04-28T07:13:00","slug":"taninmis-aktyorun-m%c9%99zari-baximsiz-v%c9%99ziyy%c9%99td%c9%99-qalib-ur%c9%99kagridici-goruntu","status":"publish","type":"post","link":"https:\/\/azerbaycan.media\/?p=76896","title":{"rendered":"Tan\u0131nm\u0131\u015f aktyorun m\u0259zar\u0131 bax\u0131ms\u0131z v\u0259ziyy\u0259td\u0259 qal\u0131b \u2013 \u00fcr\u0259ka\u011fr\u0131d\u0131c\u0131 g\u00f6r\u00fcnt\u00fc"},"content":{"rendered":"<p><strong>Az\u0259rbaycan.media<\/strong> x\u0259b\u0259r verir ki, Bak\u0131n\u0131n \u018fhm\u0259dli q\u0259s\u0259b\u0259sind\u0259 yerl\u0259\u015f\u0259n q\u0259biristanl\u0131qlardan birind\u0259 tan\u0131nm\u0131\u015f aktyor M\u0259mm\u0259d Sad\u0131qovun m\u0259zar\u0131n\u0131n bax\u0131ms\u0131z v\u0259ziyy\u0259td\u0259 olmas\u0131 ictimai naraz\u0131l\u0131q do\u011furub.<br \/>\nM\u0259lumata g\u00f6r\u0259, sosial \u015f\u0259b\u0259k\u0259 istifad\u0259\u00e7isi t\u0259r\u0259find\u0259n payla\u015f\u0131lan g\u00f6r\u00fcnt\u00fcl\u0259rd\u0259 s\u0259n\u0259tkar\u0131n m\u0259zar\u0131n\u0131n ac\u0131nacaql\u0131 durumda oldu\u011fu \u0259ks olunub. Bildirilir ki, m\u0259zar\u0131n sin\u0259 da\u015f\u0131 yoxdur, \u0259traf\u0131 ot bas\u0131b, ba\u015f da\u015f\u0131ndak\u0131 yaz\u0131lar is\u0259 zamanla silin\u0259r\u0259k oxunmaz hala d\u00fc\u015f\u00fcb. H\u0259m\u00e7inin qeyd edilir ki, aktyorun m\u0259zar\u0131n\u0131 ziyar\u0259t ed\u0259nl\u0259rin say\u0131 da dem\u0259k olar ki, yoxdur.<br \/>\nQeyd ed\u0259k ki, M\u0259mm\u0259d Sad\u0131qov 1913-c\u00fc ild\u0259 Bak\u0131da anadan olub v\u0259 g\u0259nc ya\u015flar\u0131ndan teatr f\u0259aliyy\u0259tin\u0259 ba\u015flay\u0131b. O, uzun ill\u0259r Az\u0259rbaycan s\u0259hn\u0259sind\u0259 f\u0259aliyy\u0259t g\u00f6st\u0259r\u0259r\u0259k h\u0259m teatrda, h\u0259m d\u0259 kinoda yaddaqalan obrazlar yarad\u0131b.<br \/>\nAktyor \u201cB\u0259xtiyar\u201d, \u201cSehirli xalat\u201d, \u201cBizim C\u0259bi\u015f m\u00fc\u0259llim\u201d kimi m\u0259\u015fhur filml\u0259rd\u0259 rol alaraq tama\u015fa\u00e7\u0131lar\u0131n r\u0259\u011fb\u0259tini qazan\u0131b v\u0259 x\u00fcsusil\u0259 komik rollar\u0131n u\u011furlu ifa\u00e7\u0131s\u0131 kimi yadda qal\u0131b.<br \/>\nM\u0259s\u0259l\u0259 sosial \u015f\u0259b\u0259k\u0259l\u0259rd\u0259 m\u00fczakir\u0259l\u0259r\u0259 s\u0259b\u0259b olub v\u0259 ictimaiyy\u0259t t\u0259r\u0259find\u0259n s\u0259n\u0259t adamlar\u0131n\u0131n xatir\u0259sin\u0259 daha h\u0259ssas yana\u015fman\u0131n vacibliyi vur\u011fulan\u0131r.<\/p>\n","protected":false},"excerpt":{"rendered":"<p>Az\u0259rbaycan.media x\u0259b\u0259r verir ki, Bak\u0131n\u0131n \u018fhm\u0259dli q\u0259s\u0259b\u0259sind\u0259 yerl\u0259\u015f\u0259n q\u0259biristanl\u0131qlardan birind\u0259 tan\u0131nm\u0131\u015f aktyor M\u0259mm\u0259d Sad\u0131qovun m\u0259zar\u0131n\u0131n bax\u0131ms\u0131z v\u0259ziyy\u0259td\u0259 olmas\u0131 ictimai naraz\u0131l\u0131q do\u011furub. M\u0259lumata g\u00f6r\u0259, sosial \u015f\u0259b\u0259k\u0259 istifad\u0259\u00e7isi t\u0259r\u0259find\u0259n payla\u015f\u0131lan g\u00f6r\u00fcnt\u00fcl\u0259rd\u0259 s\u0259n\u0259tkar\u0131n&hellip; <\/p>\n","protected":false},"author":537,"featured_media":76897,"comment_status":"closed","ping_status":"closed","sticky":false,"template":"","format":"standard","meta":{"footnotes":""},"categories":[71],"tags":[],"class_list":["post-76896","post","type-post","status-publish","format-standard","has-post-thumbnail","hentry","category-sosial"],"_links":{"self":[{"href":"https:\/\/azerbaycan.media\/index.php?rest_route=\/wp\/v2\/posts\/76896","targetHints":{"allow":["GET"]}}],"collection":[{"href":"https:\/\/azerbaycan.media\/index.php?rest_route=\/wp\/v2\/posts"}],"about":[{"href":"https:\/\/azerbaycan.media\/index.php?rest_route=\/wp\/v2\/types\/post"}],"author":[{"embeddable":true,"href":"https:\/\/azerbaycan.media\/index.php?rest_route=\/wp\/v2\/users\/537"}],"replies":[{"embeddable":true,"href":"https:\/\/azerbaycan.media\/index.php?rest_route=%2Fwp%2Fv2%2Fcomments&post=76896"}],"version-history":[{"count":2,"href":"https:\/\/azerbaycan.media\/index.php?rest_route=\/wp\/v2\/posts\/76896\/revisions"}],"predecessor-version":[{"id":76899,"href":"https:\/\/azerbaycan.media\/index.php?rest_route=\/wp\/v2\/posts\/76896\/revisions\/76899"}],"wp:featuredmedia":[{"embeddable":true,"href":"https:\/\/azerbaycan.media\/index.php?rest_route=\/wp\/v2\/media\/76897"}],"wp:attachment":[{"href":"https:\/\/azerbaycan.media\/index.php?rest_route=%2Fwp%2Fv2%2Fmedia&parent=76896"}],"wp:term":[{"taxonomy":"category","embeddable":true,"href":"https:\/\/azerbaycan.media\/index.php?rest_route=%2Fwp%2Fv2%2Fcategories&post=76896"},{"taxonomy":"post_tag","embeddable":true,"href":"https:\/\/azerbaycan.media\/index.php?rest_route=%2Fwp%2Fv2%2Ftags&post=76896"}],"curies":[{"name":"wp","href":"https:\/\/api.w.org\/{rel}","templated":true}]}}