{"id":76892,"date":"2026-04-28T11:09:34","date_gmt":"2026-04-28T07:09:34","guid":{"rendered":"https:\/\/azerbaycan.media\/?p=76892"},"modified":"2026-04-28T11:09:34","modified_gmt":"2026-04-28T07:09:34","slug":"az%c9%99rbaycan-cexiya-iqtisadi-%c9%99m%c9%99kdasligi-yeni-m%c9%99rh%c9%99l%c9%99y%c9%99-kecir","status":"publish","type":"post","link":"https:\/\/azerbaycan.media\/?p=76892","title":{"rendered":"<span style=\"color:red\">Az\u0259rbaycan\u2013\u00c7exiya iqtisadi \u0259m\u0259kda\u015fl\u0131\u011f\u0131 yeni m\u0259rh\u0259l\u0259y\u0259 ke\u00e7ir<\/span>"},"content":{"rendered":"<p><span style=\"color: #ff0000;\"><strong>Az\u0259rbaycan.media<\/strong><\/span> x\u0259b\u0259r verir ki, Az\u0259rbaycanla \u00c7exiya aras\u0131nda iqtisadi \u0259laq\u0259l\u0259r getdikc\u0259 geni\u015fl\u0259nir v\u0259 daha \u015fax\u0259l\u0259ndirilmi\u015f \u0259m\u0259kda\u015fl\u0131q modelin\u0259 do\u011fru inki\u015faf edir.<br \/>\nSon d\u00f6vrl\u0259rd\u0259 y\u00fcks\u0259k s\u0259viyy\u0259li qar\u015f\u0131l\u0131ql\u0131 s\u0259f\u0259rl\u0259r, x\u00fcsusil\u0259 \u00c7exiyan\u0131n Ba\u015f naziri Andrey Babi\u015fin Az\u0259rbaycana s\u0259f\u0259ri bu m\u00fcnasib\u0259tl\u0259r\u0259 yeni dinamika qazand\u0131r\u0131b. Prezident \u0130lham \u018fliyevl\u0259 ke\u00e7iril\u0259n g\u00f6r\u00fc\u015fl\u0259r v\u0259 t\u0259\u015fkil olunan biznes forum iki \u00f6lk\u0259 aras\u0131nda \u0259m\u0259kda\u015fl\u0131\u011f\u0131n keyfiyy\u0259tc\u0259 yeni m\u0259rh\u0259l\u0259y\u0259 ke\u00e7diyini g\u00f6st\u0259rir.<br \/>\nDeputat Tahir Mirki\u015fili bildirib ki, Bak\u0131\u2013Praqa m\u00fcnasib\u0259tl\u0259rind\u0259 iqtisadi komponent getdikc\u0259 \u00f6n plana \u00e7\u0131x\u0131r. Onun s\u00f6zl\u0259rin\u0259 g\u00f6r\u0259, ticar\u0259t d\u00f6vriyy\u0259sinin 800 milyon dollar\u0131 \u00f6tmesi m\u00fcsb\u0259t g\u00f6st\u0259ricidir, lakin bu d\u00f6vriyy\u0259d\u0259 \u0259sas pay\u0131n neft sektoruna m\u0259xsus olmas\u0131 iqtisadi \u0259laq\u0259l\u0259rin \u015fax\u0259l\u0259ndirilm\u0259sini z\u0259ruri edir.<br \/>\nDeputat vur\u011fulay\u0131b ki, s\u0259naye, y\u00fcks\u0259k texnologiyalar, n\u0259qliyyat-logistika v\u0259 k\u0259nd t\u0259s\u0259rr\u00fcfat\u0131 kimi sah\u0259l\u0259r \u0259m\u0259kda\u015fl\u0131\u011f\u0131n inki\u015faf\u0131 \u00fc\u00e7\u00fcn \u0259sas istiqam\u0259tl\u0259r hesab olunur. Energetika sah\u0259si is\u0259 h\u0259l\u0259 d\u0259 t\u0259r\u0259fda\u015fl\u0131\u011f\u0131n \u0259sas daya\u011f\u0131 olaraq qal\u0131r. Az\u0259rbaycan\u0131n Avropaya qaz ixrac\u0131n\u0131n geni\u015fl\u0259nm\u0259si v\u0259 art\u0131q 16 \u00f6lk\u0259ni \u0259hat\u0259 etm\u0259si \u00f6lk\u0259nin enerji diplomatiyas\u0131n\u0131n effektivliyini g\u00f6st\u0259rir.<br \/>\nOnun s\u00f6zl\u0259rin\u0259 g\u00f6r\u0259, m\u00fcdafi\u0259 s\u0259nayesi sah\u0259sind\u0259 d\u0259 \u0259m\u0259kda\u015fl\u0131q perspektivlidir. Art\u0131q t\u0259r\u0259fl\u0259r t\u0259kc\u0259 m\u0259hsul t\u0259dar\u00fck\u00fc il\u0259 kifay\u0259tl\u0259nmir, h\u0259m d\u0259 birg\u0259 istehsal v\u0259 texnologiya m\u00fcbadil\u0259si istiqam\u0259tind\u0259 konkret layih\u0259l\u0259ri m\u00fczakir\u0259 edirl\u0259r.<br \/>\nDeputat Mehriban V\u0259liyeva is\u0259 qeyd edib ki, ke\u00e7iril\u0259n g\u00f6r\u00fc\u015fl\u0259r v\u0259 geni\u015f g\u00fcnd\u0259lik \u0259m\u0259kda\u015fl\u0131\u011f\u0131n sistemli \u015f\u0259kild\u0259 inki\u015faf etdiyini t\u0259sdiql\u0259yir. Onun fikrinc\u0259, iqtisadi \u0259laq\u0259l\u0259rin diversifikasiyas\u0131 v\u0259 qeyri-neft sektorunda birg\u0259 layih\u0259l\u0259rin art\u0131r\u0131lmas\u0131 qar\u015f\u0131dak\u0131 d\u00f6vr\u00fcn \u0259sas prioritetl\u0259rind\u0259n olacaq.<br \/>\nQeyd edilib ki, H\u00f6kum\u0259tl\u0259raras\u0131 Komissiyan\u0131n f\u0259aliyy\u0259tinin aktivl\u0259\u015fdirilm\u0259si iqtisadi \u0259m\u0259kda\u015fl\u0131\u011f\u0131n institusional \u0259saslar\u0131n\u0131 daha da m\u00f6hk\u0259ml\u0259ndir\u0259c\u0259k v\u0259 m\u00fcxt\u0259lif sah\u0259l\u0259r \u00fczr\u0259 layih\u0259l\u0259rin icras\u0131n\u0131 s\u00fcr\u0259tl\u0259ndir\u0259c\u0259k.<br \/>\n\u00dcmumilikd\u0259, m\u00f6vcud siyasi irad\u0259 v\u0259 artan biznes mara\u011f\u0131 fonunda Az\u0259rbaycan\u2013\u00c7exiya m\u00fcnasib\u0259tl\u0259rinin yax\u0131n ill\u0259rd\u0259 daha da geni\u015fl\u0259n\u0259c\u0259yi g\u00f6zl\u0259nilir.<\/p>\n","protected":false},"excerpt":{"rendered":"<p>Az\u0259rbaycan.media x\u0259b\u0259r verir ki, Az\u0259rbaycanla \u00c7exiya aras\u0131nda iqtisadi \u0259laq\u0259l\u0259r getdikc\u0259 geni\u015fl\u0259nir v\u0259 daha \u015fax\u0259l\u0259ndirilmi\u015f \u0259m\u0259kda\u015fl\u0131q modelin\u0259 do\u011fru inki\u015faf edir. Son d\u00f6vrl\u0259rd\u0259 y\u00fcks\u0259k s\u0259viyy\u0259li qar\u015f\u0131l\u0131ql\u0131 s\u0259f\u0259rl\u0259r, x\u00fcsusil\u0259 \u00c7exiyan\u0131n Ba\u015f naziri Andrey&hellip; <\/p>\n","protected":false},"author":537,"featured_media":76893,"comment_status":"closed","ping_status":"closed","sticky":false,"template":"","format":"standard","meta":{"footnotes":""},"categories":[50,1],"tags":[],"class_list":["post-76892","post","type-post","status-publish","format-standard","has-post-thumbnail","hentry","category-gundm","category-manset"],"_links":{"self":[{"href":"https:\/\/azerbaycan.media\/index.php?rest_route=\/wp\/v2\/posts\/76892","targetHints":{"allow":["GET"]}}],"collection":[{"href":"https:\/\/azerbaycan.media\/index.php?rest_route=\/wp\/v2\/posts"}],"about":[{"href":"https:\/\/azerbaycan.media\/index.php?rest_route=\/wp\/v2\/types\/post"}],"author":[{"embeddable":true,"href":"https:\/\/azerbaycan.media\/index.php?rest_route=\/wp\/v2\/users\/537"}],"replies":[{"embeddable":true,"href":"https:\/\/azerbaycan.media\/index.php?rest_route=%2Fwp%2Fv2%2Fcomments&post=76892"}],"version-history":[{"count":2,"href":"https:\/\/azerbaycan.media\/index.php?rest_route=\/wp\/v2\/posts\/76892\/revisions"}],"predecessor-version":[{"id":76895,"href":"https:\/\/azerbaycan.media\/index.php?rest_route=\/wp\/v2\/posts\/76892\/revisions\/76895"}],"wp:featuredmedia":[{"embeddable":true,"href":"https:\/\/azerbaycan.media\/index.php?rest_route=\/wp\/v2\/media\/76893"}],"wp:attachment":[{"href":"https:\/\/azerbaycan.media\/index.php?rest_route=%2Fwp%2Fv2%2Fmedia&parent=76892"}],"wp:term":[{"taxonomy":"category","embeddable":true,"href":"https:\/\/azerbaycan.media\/index.php?rest_route=%2Fwp%2Fv2%2Fcategories&post=76892"},{"taxonomy":"post_tag","embeddable":true,"href":"https:\/\/azerbaycan.media\/index.php?rest_route=%2Fwp%2Fv2%2Ftags&post=76892"}],"curies":[{"name":"wp","href":"https:\/\/api.w.org\/{rel}","templated":true}]}}