{"id":76884,"date":"2026-04-28T11:02:17","date_gmt":"2026-04-28T07:02:17","guid":{"rendered":"https:\/\/azerbaycan.media\/?p=76884"},"modified":"2026-04-28T11:02:17","modified_gmt":"2026-04-28T07:02:17","slug":"yagintili-v%c9%99-kul%c9%99kli-hava-s%c9%99raiti-davam-edir-faktiki-v%c9%99ziyy%c9%99t-aciqlandi","status":"publish","type":"post","link":"https:\/\/azerbaycan.media\/?p=76884","title":{"rendered":"Ya\u011f\u0131nt\u0131l\u0131 v\u0259 k\u00fcl\u0259kli hava \u015f\u0259raiti davam edir \u2013 faktiki v\u0259ziyy\u0259t a\u00e7\u0131qland\u0131"},"content":{"rendered":"<p><strong>Az\u0259rbaycan.media<\/strong> x\u0259b\u0259r verir ki, aprelin 28-i saat 10:00-a olan faktiki hava m\u0259lumatlar\u0131 a\u00e7\u0131qlan\u0131b.<br \/>\nMilli Hidrometeorologiya Xidm\u0259tinin m\u0259lumat\u0131na g\u00f6r\u0259, \u00f6lk\u0259 \u0259razisinin b\u0259zi b\u00f6lg\u0259l\u0259rind\u0259 ya\u011f\u0131nt\u0131l\u0131 v\u0259 k\u00fcl\u0259kli hava \u015f\u0259raiti davam edir. Ayr\u0131-ayr\u0131 \u0259razil\u0259rd\u0259 \u015fimal-q\u0259rb k\u00fcl\u0259yi m\u00fc\u015fahid\u0259 olunur. K\u00fcl\u0259yin maksimal s\u00fcr\u0259ti Bak\u0131da v\u0259 Ab\u015feron yar\u0131madas\u0131nda 28 m\/s, Goranboyda 23 m\/s, Naftalanda 19 m\/s, \u015eabranda is\u0259 16 m\/s-\u0259 \u00e7at\u0131r.<br \/>\nYa\u011f\u0131nt\u0131n\u0131n miqdar\u0131na g\u0259ldikd\u0259, \u0259n y\u00fcks\u0259k g\u00f6st\u0259rici \u015eahbuzda 12 mm qeyd\u0259 al\u0131n\u0131b. Qr\u0131zda 9 mm, X\u0131nal\u0131qda 8 mm, Ordubad v\u0259 T\u0259rt\u0259rd\u0259 3 mm, G\u00f6yg\u00f6l, \u015eamax\u0131, Astara, A\u011fdam, Culfa v\u0259 Nax\u00e7\u0131vanda 2 mm ya\u011f\u0131nt\u0131 d\u00fc\u015f\u00fcb. Dig\u0259r rayonlarda is\u0259 ya\u011f\u0131nt\u0131n\u0131n miqdar\u0131 \u0259sas\u0259n 1 mm t\u0259\u015fkil edib.<br \/>\nEyni zamanda, \u015eu\u015fa, Xank\u0259ndi, Qr\u0131z v\u0259 Lerik \u0259razil\u0259rind\u0259 duman m\u00fc\u015fahid\u0259 olunur. Bu b\u00f6lg\u0259l\u0259rd\u0259 g\u00f6r\u00fcn\u00fc\u015f m\u0259saf\u0259si 500 metr\u0259d\u0259k m\u0259hdudla\u015f\u0131r.<\/p>\n","protected":false},"excerpt":{"rendered":"<p>Az\u0259rbaycan.media x\u0259b\u0259r verir ki, aprelin 28-i saat 10:00-a olan faktiki hava m\u0259lumatlar\u0131 a\u00e7\u0131qlan\u0131b. Milli Hidrometeorologiya Xidm\u0259tinin m\u0259lumat\u0131na g\u00f6r\u0259, \u00f6lk\u0259 \u0259razisinin b\u0259zi b\u00f6lg\u0259l\u0259rind\u0259 ya\u011f\u0131nt\u0131l\u0131 v\u0259 k\u00fcl\u0259kli hava \u015f\u0259raiti davam edir. Ayr\u0131-ayr\u0131&hellip; <\/p>\n","protected":false},"author":537,"featured_media":76885,"comment_status":"closed","ping_status":"closed","sticky":false,"template":"","format":"standard","meta":{"footnotes":""},"categories":[75],"tags":[],"class_list":["post-76884","post","type-post","status-publish","format-standard","has-post-thumbnail","hentry","category-xbrlr"],"_links":{"self":[{"href":"https:\/\/azerbaycan.media\/index.php?rest_route=\/wp\/v2\/posts\/76884","targetHints":{"allow":["GET"]}}],"collection":[{"href":"https:\/\/azerbaycan.media\/index.php?rest_route=\/wp\/v2\/posts"}],"about":[{"href":"https:\/\/azerbaycan.media\/index.php?rest_route=\/wp\/v2\/types\/post"}],"author":[{"embeddable":true,"href":"https:\/\/azerbaycan.media\/index.php?rest_route=\/wp\/v2\/users\/537"}],"replies":[{"embeddable":true,"href":"https:\/\/azerbaycan.media\/index.php?rest_route=%2Fwp%2Fv2%2Fcomments&post=76884"}],"version-history":[{"count":2,"href":"https:\/\/azerbaycan.media\/index.php?rest_route=\/wp\/v2\/posts\/76884\/revisions"}],"predecessor-version":[{"id":76887,"href":"https:\/\/azerbaycan.media\/index.php?rest_route=\/wp\/v2\/posts\/76884\/revisions\/76887"}],"wp:featuredmedia":[{"embeddable":true,"href":"https:\/\/azerbaycan.media\/index.php?rest_route=\/wp\/v2\/media\/76885"}],"wp:attachment":[{"href":"https:\/\/azerbaycan.media\/index.php?rest_route=%2Fwp%2Fv2%2Fmedia&parent=76884"}],"wp:term":[{"taxonomy":"category","embeddable":true,"href":"https:\/\/azerbaycan.media\/index.php?rest_route=%2Fwp%2Fv2%2Fcategories&post=76884"},{"taxonomy":"post_tag","embeddable":true,"href":"https:\/\/azerbaycan.media\/index.php?rest_route=%2Fwp%2Fv2%2Ftags&post=76884"}],"curies":[{"name":"wp","href":"https:\/\/api.w.org\/{rel}","templated":true}]}}