{"id":76872,"date":"2026-04-28T08:02:31","date_gmt":"2026-04-28T04:02:31","guid":{"rendered":"https:\/\/azerbaycan.media\/?p=76872"},"modified":"2026-04-28T08:02:31","modified_gmt":"2026-04-28T04:02:31","slug":"ai-92-benzini-v%c9%99-dizel-ucun-aksizl%c9%99rd%c9%99-yeni-qayda-t%c9%99sdiql%c9%99ndi","status":"publish","type":"post","link":"https:\/\/azerbaycan.media\/?p=76872","title":{"rendered":"A\u0130-92 benzini v\u0259 dizel \u00fc\u00e7\u00fcn aksizl\u0259rd\u0259 yeni qayda t\u0259sdiql\u0259ndi"},"content":{"rendered":"<p><strong>Az\u0259rbaycan.media<\/strong> x\u0259b\u0259r verir ki, Az\u0259rbaycanda A\u0130-92 markal\u0131 benzin v\u0259 dizel yanaca\u011f\u0131 \u00fczr\u0259 aksiz d\u0259r\u0259c\u0259l\u0259rind\u0259 d\u0259yi\u015fiklik edilib.<br \/>\nNazirl\u0259r Kabinetinin m\u00fcvafiq q\u0259rar\u0131na \u0259sas\u0259n, \u201cAz\u0259rbaycan Respublikas\u0131n\u0131n \u0259razisin\u0259 g\u0259tiril\u0259n aksizli mallar\u0131n aksiz d\u0259r\u0259c\u0259l\u0259ri\u201d yenil\u0259nib. D\u0259yi\u015fikliy\u0259 g\u00f6r\u0259, m\u00fch\u0259rrik benzinl\u0259ri (aviasiya benzinl\u0259ri istisna olmaqla) v\u0259 dizel yanaca\u011f\u0131 \u00fczr\u0259 aksiz d\u0259r\u0259c\u0259l\u0259ri yeni qaydada m\u00fc\u0259yy\u0259nl\u0259\u015fdirilib.<br \/>\nQ\u0259rara \u0259sas\u0259n, 2026-c\u0131 il 1 may tarixind\u0259n 2027-ci il 31 mart tarixin\u0259d\u0259k idxal olunan A\u0130-92 benzini v\u0259 dizel yanaca\u011f\u0131 \u00fczr\u0259 aksiz vergisi m\u00fcv\u0259qq\u0259ti olaraq h\u0259r ton \u00fc\u00e7\u00fcn 1 manat s\u0259viyy\u0259sind\u0259 t\u0259tbiq edil\u0259c\u0259k. Bildirilib ki, bu add\u0131m\u0131n m\u0259qs\u0259di daxili yanacaq bazar\u0131nda sabitliyin t\u0259min olunmas\u0131 v\u0259 t\u0259chizat\u0131n fasil\u0259sizliyinin qorunmas\u0131d\u0131r.<br \/>\nEyni zamanda, h\u0259min d\u00f6vr \u00fc\u00e7\u00fcn D\u00f6vl\u0259t Neft \u015eirk\u0259tinin (SOCAR) idxal kvotalar\u0131 da t\u0259sdiql\u0259nib. Q\u0259rara uy\u011fun olaraq, A\u0130-92 benzini \u00fczr\u0259 205 min ton, dizel yanaca\u011f\u0131 \u00fczr\u0259 is\u0259 201 min ton h\u0259cmind\u0259 yuxar\u0131 h\u0259dd m\u00fc\u0259yy\u0259n edilib.<\/p>\n","protected":false},"excerpt":{"rendered":"<p>Az\u0259rbaycan.media x\u0259b\u0259r verir ki, Az\u0259rbaycanda A\u0130-92 markal\u0131 benzin v\u0259 dizel yanaca\u011f\u0131 \u00fczr\u0259 aksiz d\u0259r\u0259c\u0259l\u0259rind\u0259 d\u0259yi\u015fiklik edilib. Nazirl\u0259r Kabinetinin m\u00fcvafiq q\u0259rar\u0131na \u0259sas\u0259n, \u201cAz\u0259rbaycan Respublikas\u0131n\u0131n \u0259razisin\u0259 g\u0259tiril\u0259n aksizli mallar\u0131n aksiz d\u0259r\u0259c\u0259l\u0259ri\u201d yenil\u0259nib.&hellip; <\/p>\n","protected":false},"author":537,"featured_media":76873,"comment_status":"closed","ping_status":"closed","sticky":false,"template":"","format":"standard","meta":{"footnotes":""},"categories":[61],"tags":[],"class_list":["post-76872","post","type-post","status-publish","format-standard","has-post-thumbnail","hentry","category-iqtisadiyyat"],"_links":{"self":[{"href":"https:\/\/azerbaycan.media\/index.php?rest_route=\/wp\/v2\/posts\/76872","targetHints":{"allow":["GET"]}}],"collection":[{"href":"https:\/\/azerbaycan.media\/index.php?rest_route=\/wp\/v2\/posts"}],"about":[{"href":"https:\/\/azerbaycan.media\/index.php?rest_route=\/wp\/v2\/types\/post"}],"author":[{"embeddable":true,"href":"https:\/\/azerbaycan.media\/index.php?rest_route=\/wp\/v2\/users\/537"}],"replies":[{"embeddable":true,"href":"https:\/\/azerbaycan.media\/index.php?rest_route=%2Fwp%2Fv2%2Fcomments&post=76872"}],"version-history":[{"count":2,"href":"https:\/\/azerbaycan.media\/index.php?rest_route=\/wp\/v2\/posts\/76872\/revisions"}],"predecessor-version":[{"id":76875,"href":"https:\/\/azerbaycan.media\/index.php?rest_route=\/wp\/v2\/posts\/76872\/revisions\/76875"}],"wp:featuredmedia":[{"embeddable":true,"href":"https:\/\/azerbaycan.media\/index.php?rest_route=\/wp\/v2\/media\/76873"}],"wp:attachment":[{"href":"https:\/\/azerbaycan.media\/index.php?rest_route=%2Fwp%2Fv2%2Fmedia&parent=76872"}],"wp:term":[{"taxonomy":"category","embeddable":true,"href":"https:\/\/azerbaycan.media\/index.php?rest_route=%2Fwp%2Fv2%2Fcategories&post=76872"},{"taxonomy":"post_tag","embeddable":true,"href":"https:\/\/azerbaycan.media\/index.php?rest_route=%2Fwp%2Fv2%2Ftags&post=76872"}],"curies":[{"name":"wp","href":"https:\/\/api.w.org\/{rel}","templated":true}]}}