{"id":76851,"date":"2026-04-28T07:24:16","date_gmt":"2026-04-28T03:24:16","guid":{"rendered":"https:\/\/azerbaycan.media\/?p=76851"},"modified":"2026-04-28T07:24:16","modified_gmt":"2026-04-28T03:24:16","slug":"ciy%c9%99l%c9%99k-v%c9%99-alca-niy%c9%99-bahalasa-bil%c9%99r-esas-s%c9%99b%c9%99bl%c9%99r-aciqlandi","status":"publish","type":"post","link":"https:\/\/azerbaycan.media\/?p=76851","title":{"rendered":"\u00c7iy\u0259l\u0259k v\u0259 al\u00e7a niy\u0259 bahala\u015fa bil\u0259r? \u2013 \u018fsas s\u0259b\u0259bl\u0259r a\u00e7\u0131qland\u0131"},"content":{"rendered":"<p><strong>Az\u0259rbaycan.media<\/strong> x\u0259b\u0259r verir ki, aprel ay\u0131n\u0131n olmas\u0131na baxmayaraq, \u00f6lk\u0259 \u0259razisind\u0259 m\u00fc\u015fahid\u0259 olunan soyuq v\u0259 ya\u011f\u0131\u015fl\u0131 hava \u015f\u0259raiti, b\u0259zi b\u00f6lg\u0259l\u0259rd\u0259 ba\u015f ver\u0259n sel v\u0259 da\u015fq\u0131nlar k\u0259nd t\u0259s\u0259rr\u00fcfat\u0131na ciddi t\u0259sir g\u00f6st\u0259rib.<br \/>\nM\u0259lumata g\u00f6r\u0259, x\u00fcsusil\u0259 meyv\u0259 ba\u011flar\u0131nda m\u0259hsuldarl\u0131q azal\u0131b. Sahibkarlar bildirirl\u0259r ki, \u0259n b\u00f6y\u00fck ziyan al\u00e7a ba\u011flar\u0131na d\u0259yib. Son g\u00fcnl\u0259rd\u0259 intensiv ya\u011fan ya\u011f\u0131\u015flar aqrar sektora h\u0259m m\u00fcsb\u0259t, h\u0259m d\u0259 m\u0259nfi t\u0259sirl\u0259r g\u00f6st\u0259rib.<br \/>\nM\u00fcsb\u0259t t\u0259r\u0259f ondan ibar\u0259tdir ki, torpa\u011f\u0131n kifay\u0259t q\u0259d\u0259r n\u0259ml\u0259nm\u0259si yazl\u0131q \u0259kin v\u0259 toxum s\u0259pini \u00fc\u00e7\u00fcn \u0259lveri\u015fli \u015f\u0259rait yarad\u0131b. Bu c\u00fcr \u015f\u0259raitd\u0259 \u015fitill\u0259rin inki\u015faf\u0131 daha s\u00fcr\u0259tli v\u0259 keyfiyy\u0259tli olur.<br \/>\nLakin m\u0259nfi t\u0259sirl\u0259r daha a\u011f\u0131r olub. Bir \u00e7ox ba\u011flarda m\u0259hsul itkisi qeyd\u0259 al\u0131n\u0131b, b\u0259zi sah\u0259l\u0259r is\u0259 dem\u0259k olar ki, tamamil\u0259 yarars\u0131z hala d\u00fc\u015f\u00fcb. Sahibkarlardan birinin s\u00f6zl\u0259rin\u0259 g\u00f6r\u0259, \u0259vv\u0259lki ill\u0259rd\u0259 bir ba\u011fdan 1-2 ton m\u0259hsul \u0259ld\u0259 edildiyi halda, bu il dolu v\u0259 ya\u011f\u0131\u015f s\u0259b\u0259bind\u0259n \u00e7i\u00e7\u0259kl\u0259rin t\u00f6k\u00fclm\u0259si m\u0259hsuldarl\u0131\u011f\u0131 xeyli azald\u0131b. Bu v\u0259ziyy\u0259t \u00e7iy\u0259l\u0259k istehsal\u0131na da t\u0259sirsiz \u00f6t\u00fc\u015fm\u0259yib.<br \/>\nM\u00fct\u0259x\u0259ssisl\u0259r bel\u0259 hallar\u0131n qar\u015f\u0131s\u0131n\u0131 almaq \u00fc\u00e7\u00fcn fermerl\u0259r\u0259 m\u0259hsullar\u0131n\u0131 v\u0259 ba\u011flar\u0131n\u0131 vaxt\u0131nda s\u0131\u011fortalama\u011f\u0131 t\u00f6vsiy\u0259 edirl\u0259r. \u018fks halda, t\u0259bii f\u0259lak\u0259tl\u0259rin yaratd\u0131\u011f\u0131 maddi z\u0259r\u0259rl\u0259rin qar\u015f\u0131s\u0131n\u0131 almaq \u00e7\u0259tinl\u0259\u015fir.<br \/>\nQeyd olunur ki, m\u0259hsuldarl\u0131\u011f\u0131n azalmas\u0131 bazarda t\u0259klifin d\u00fc\u015fm\u0259sin\u0259 s\u0259b\u0259b ola bil\u0259r ki, bu da \u00e7iy\u0259l\u0259k v\u0259 al\u00e7a kimi meyv\u0259l\u0259rin qiym\u0259tind\u0259 art\u0131ma g\u0259tirib \u00e7\u0131xara bil\u0259r.<\/p>\n","protected":false},"excerpt":{"rendered":"<p>Az\u0259rbaycan.media x\u0259b\u0259r verir ki, aprel ay\u0131n\u0131n olmas\u0131na baxmayaraq, \u00f6lk\u0259 \u0259razisind\u0259 m\u00fc\u015fahid\u0259 olunan soyuq v\u0259 ya\u011f\u0131\u015fl\u0131 hava \u015f\u0259raiti, b\u0259zi b\u00f6lg\u0259l\u0259rd\u0259 ba\u015f ver\u0259n sel v\u0259 da\u015fq\u0131nlar k\u0259nd t\u0259s\u0259rr\u00fcfat\u0131na ciddi t\u0259sir g\u00f6st\u0259rib. M\u0259lumata&hellip; <\/p>\n","protected":false},"author":537,"featured_media":76852,"comment_status":"closed","ping_status":"closed","sticky":false,"template":"","format":"standard","meta":{"footnotes":""},"categories":[71],"tags":[],"class_list":["post-76851","post","type-post","status-publish","format-standard","has-post-thumbnail","hentry","category-sosial"],"_links":{"self":[{"href":"https:\/\/azerbaycan.media\/index.php?rest_route=\/wp\/v2\/posts\/76851","targetHints":{"allow":["GET"]}}],"collection":[{"href":"https:\/\/azerbaycan.media\/index.php?rest_route=\/wp\/v2\/posts"}],"about":[{"href":"https:\/\/azerbaycan.media\/index.php?rest_route=\/wp\/v2\/types\/post"}],"author":[{"embeddable":true,"href":"https:\/\/azerbaycan.media\/index.php?rest_route=\/wp\/v2\/users\/537"}],"replies":[{"embeddable":true,"href":"https:\/\/azerbaycan.media\/index.php?rest_route=%2Fwp%2Fv2%2Fcomments&post=76851"}],"version-history":[{"count":2,"href":"https:\/\/azerbaycan.media\/index.php?rest_route=\/wp\/v2\/posts\/76851\/revisions"}],"predecessor-version":[{"id":76854,"href":"https:\/\/azerbaycan.media\/index.php?rest_route=\/wp\/v2\/posts\/76851\/revisions\/76854"}],"wp:featuredmedia":[{"embeddable":true,"href":"https:\/\/azerbaycan.media\/index.php?rest_route=\/wp\/v2\/media\/76852"}],"wp:attachment":[{"href":"https:\/\/azerbaycan.media\/index.php?rest_route=%2Fwp%2Fv2%2Fmedia&parent=76851"}],"wp:term":[{"taxonomy":"category","embeddable":true,"href":"https:\/\/azerbaycan.media\/index.php?rest_route=%2Fwp%2Fv2%2Fcategories&post=76851"},{"taxonomy":"post_tag","embeddable":true,"href":"https:\/\/azerbaycan.media\/index.php?rest_route=%2Fwp%2Fv2%2Ftags&post=76851"}],"curies":[{"name":"wp","href":"https:\/\/api.w.org\/{rel}","templated":true}]}}