{"id":76845,"date":"2026-04-28T07:17:28","date_gmt":"2026-04-28T03:17:28","guid":{"rendered":"https:\/\/azerbaycan.media\/?p=76845"},"modified":"2026-04-28T07:17:28","modified_gmt":"2026-04-28T03:17:28","slug":"natiq-sirinovun-ail%c9%99sind%c9%99-xos-x%c9%99b%c9%99r-ikinci-ovlad-gozl%c9%99nilir","status":"publish","type":"post","link":"https:\/\/azerbaycan.media\/?p=76845","title":{"rendered":"<span style=\"color:red\">Natiq \u015eirinovun ail\u0259sind\u0259 xo\u015f x\u0259b\u0259r: ikinci \u00f6vlad g\u00f6zl\u0259nilir<\/span>"},"content":{"rendered":"<p><strong>Az\u0259rbaycan.media<\/strong> x\u0259b\u0259r verir ki, Natiq \u015eirinovun o\u011flu \u00dcmidl\u0259 \u018fm\u0259kdar artist F\u0259rqan\u0259 Qas\u0131movan\u0131n q\u0131z\u0131 Fatim\u0259nin ail\u0259sind\u0259 xo\u015f x\u0259b\u0259r var.<br \/>\nAx\u015fam.az-\u0131n \u0259ld\u0259 etdiyi m\u0259lumata g\u00f6r\u0259, c\u00fctl\u00fck ikinci \u00f6vladlar\u0131n\u0131 g\u00f6zl\u0259yir. Onlar\u0131n o\u011flan \u00f6vlad\u0131n\u0131n d\u00fcnyaya g\u0259l\u0259c\u0259yi bildirilir.<br \/>\nQeyd ed\u0259k ki, c\u00fctl\u00fcy\u00fcn \u015e\u0259ms adl\u0131 bir q\u0131z \u00f6vlad\u0131 da var. Fatim\u0259 Xalq artisti Alim Qas\u0131movun n\u0259v\u0259sidir.<\/p>\n","protected":false},"excerpt":{"rendered":"<p>Az\u0259rbaycan.media x\u0259b\u0259r verir ki, Natiq \u015eirinovun o\u011flu \u00dcmidl\u0259 \u018fm\u0259kdar artist F\u0259rqan\u0259 Qas\u0131movan\u0131n q\u0131z\u0131 Fatim\u0259nin ail\u0259sind\u0259 xo\u015f x\u0259b\u0259r var. Ax\u015fam.az-\u0131n \u0259ld\u0259 etdiyi m\u0259lumata g\u00f6r\u0259, c\u00fctl\u00fck ikinci \u00f6vladlar\u0131n\u0131 g\u00f6zl\u0259yir. Onlar\u0131n o\u011flan \u00f6vlad\u0131n\u0131n&hellip; <\/p>\n","protected":false},"author":537,"featured_media":76847,"comment_status":"closed","ping_status":"closed","sticky":false,"template":"","format":"standard","meta":{"footnotes":""},"categories":[1,75],"tags":[],"class_list":["post-76845","post","type-post","status-publish","format-standard","has-post-thumbnail","hentry","category-manset","category-xbrlr"],"_links":{"self":[{"href":"https:\/\/azerbaycan.media\/index.php?rest_route=\/wp\/v2\/posts\/76845","targetHints":{"allow":["GET"]}}],"collection":[{"href":"https:\/\/azerbaycan.media\/index.php?rest_route=\/wp\/v2\/posts"}],"about":[{"href":"https:\/\/azerbaycan.media\/index.php?rest_route=\/wp\/v2\/types\/post"}],"author":[{"embeddable":true,"href":"https:\/\/azerbaycan.media\/index.php?rest_route=\/wp\/v2\/users\/537"}],"replies":[{"embeddable":true,"href":"https:\/\/azerbaycan.media\/index.php?rest_route=%2Fwp%2Fv2%2Fcomments&post=76845"}],"version-history":[{"count":2,"href":"https:\/\/azerbaycan.media\/index.php?rest_route=\/wp\/v2\/posts\/76845\/revisions"}],"predecessor-version":[{"id":76850,"href":"https:\/\/azerbaycan.media\/index.php?rest_route=\/wp\/v2\/posts\/76845\/revisions\/76850"}],"wp:featuredmedia":[{"embeddable":true,"href":"https:\/\/azerbaycan.media\/index.php?rest_route=\/wp\/v2\/media\/76847"}],"wp:attachment":[{"href":"https:\/\/azerbaycan.media\/index.php?rest_route=%2Fwp%2Fv2%2Fmedia&parent=76845"}],"wp:term":[{"taxonomy":"category","embeddable":true,"href":"https:\/\/azerbaycan.media\/index.php?rest_route=%2Fwp%2Fv2%2Fcategories&post=76845"},{"taxonomy":"post_tag","embeddable":true,"href":"https:\/\/azerbaycan.media\/index.php?rest_route=%2Fwp%2Fv2%2Ftags&post=76845"}],"curies":[{"name":"wp","href":"https:\/\/api.w.org\/{rel}","templated":true}]}}