{"id":76841,"date":"2026-04-28T07:12:23","date_gmt":"2026-04-28T03:12:23","guid":{"rendered":"https:\/\/azerbaycan.media\/?p=76841"},"modified":"2026-04-28T07:12:23","modified_gmt":"2026-04-28T03:12:23","slug":"zelenski-ir%c9%99vandaki-sammitd%c9%99-istirak-ed%c9%99-bil%c9%99r","status":"publish","type":"post","link":"https:\/\/azerbaycan.media\/?p=76841","title":{"rendered":"Zelenski \u0130r\u0259vandak\u0131 sammitd\u0259 i\u015ftirak ed\u0259 bil\u0259r"},"content":{"rendered":"<p><strong>Az\u0259rbaycan.media<\/strong> x\u0259b\u0259r verir ki, Vladimir Zelenskinin Avropa Siyasi Birliyinin Erm\u0259nistanda ke\u00e7iril\u0259c\u0259k sammitind\u0259 i\u015ftirak\u0131 g\u00f6zl\u0259nilir.<br \/>\nPublika.az-\u0131n m\u0259lumat\u0131na g\u00f6r\u0259, bu bar\u0259d\u0259 Erm\u0259nistan\u0131n \u201c168.am\u201d x\u0259b\u0259r portal\u0131 m\u0259nb\u0259l\u0259r\u0259 istinad\u0259n x\u0259b\u0259r yay\u0131b.<br \/>\nBildirilib ki, \u0130r\u0259vanda may\u0131n 4-d\u0259 ke\u00e7irilm\u0259si planla\u015fd\u0131r\u0131lan sammitd\u0259 50-y\u0259 yax\u0131n y\u00fcks\u0259k s\u0259viyy\u0259li n\u00fcmay\u0259nd\u0259 hey\u0259tinin i\u015ftirak\u0131 n\u0259z\u0259rd\u0259 tutulur.<br \/>\nM\u0259lumata \u0259sas\u0259n, Zelenskinin d\u0259 t\u0259dbir\u0259 qat\u0131laca\u011f\u0131 bar\u0259d\u0259 sayta informasiya daxil olub. Lakin Erm\u0259nistan Xarici \u0130\u015fl\u0259r Nazirliyi bu s\u0259f\u0259ri gizli saxlama\u011fa \u00e7al\u0131\u015f\u0131r.<\/p>\n","protected":false},"excerpt":{"rendered":"<p>Az\u0259rbaycan.media x\u0259b\u0259r verir ki, Vladimir Zelenskinin Avropa Siyasi Birliyinin Erm\u0259nistanda ke\u00e7iril\u0259c\u0259k sammitind\u0259 i\u015ftirak\u0131 g\u00f6zl\u0259nilir. Publika.az-\u0131n m\u0259lumat\u0131na g\u00f6r\u0259, bu bar\u0259d\u0259 Erm\u0259nistan\u0131n \u201c168.am\u201d x\u0259b\u0259r portal\u0131 m\u0259nb\u0259l\u0259r\u0259 istinad\u0259n x\u0259b\u0259r yay\u0131b. Bildirilib ki, \u0130r\u0259vanda&hellip; <\/p>\n","protected":false},"author":537,"featured_media":76842,"comment_status":"closed","ping_status":"closed","sticky":false,"template":"","format":"standard","meta":{"footnotes":""},"categories":[55],"tags":[],"class_list":["post-76841","post","type-post","status-publish","format-standard","has-post-thumbnail","hentry","category-dunya"],"_links":{"self":[{"href":"https:\/\/azerbaycan.media\/index.php?rest_route=\/wp\/v2\/posts\/76841","targetHints":{"allow":["GET"]}}],"collection":[{"href":"https:\/\/azerbaycan.media\/index.php?rest_route=\/wp\/v2\/posts"}],"about":[{"href":"https:\/\/azerbaycan.media\/index.php?rest_route=\/wp\/v2\/types\/post"}],"author":[{"embeddable":true,"href":"https:\/\/azerbaycan.media\/index.php?rest_route=\/wp\/v2\/users\/537"}],"replies":[{"embeddable":true,"href":"https:\/\/azerbaycan.media\/index.php?rest_route=%2Fwp%2Fv2%2Fcomments&post=76841"}],"version-history":[{"count":2,"href":"https:\/\/azerbaycan.media\/index.php?rest_route=\/wp\/v2\/posts\/76841\/revisions"}],"predecessor-version":[{"id":76844,"href":"https:\/\/azerbaycan.media\/index.php?rest_route=\/wp\/v2\/posts\/76841\/revisions\/76844"}],"wp:featuredmedia":[{"embeddable":true,"href":"https:\/\/azerbaycan.media\/index.php?rest_route=\/wp\/v2\/media\/76842"}],"wp:attachment":[{"href":"https:\/\/azerbaycan.media\/index.php?rest_route=%2Fwp%2Fv2%2Fmedia&parent=76841"}],"wp:term":[{"taxonomy":"category","embeddable":true,"href":"https:\/\/azerbaycan.media\/index.php?rest_route=%2Fwp%2Fv2%2Fcategories&post=76841"},{"taxonomy":"post_tag","embeddable":true,"href":"https:\/\/azerbaycan.media\/index.php?rest_route=%2Fwp%2Fv2%2Ftags&post=76841"}],"curies":[{"name":"wp","href":"https:\/\/api.w.org\/{rel}","templated":true}]}}