{"id":76837,"date":"2026-04-28T07:09:34","date_gmt":"2026-04-28T03:09:34","guid":{"rendered":"https:\/\/azerbaycan.media\/?p=76837"},"modified":"2026-04-28T07:09:34","modified_gmt":"2026-04-28T03:09:34","slug":"rubio-xameneinin-sag-olduguna-dair-d%c9%99lill%c9%99r-var","status":"publish","type":"post","link":"https:\/\/azerbaycan.media\/?p=76837","title":{"rendered":"Rubio: \u201cXameneinin sa\u011f oldu\u011funa dair d\u0259lill\u0259r var\u201d"},"content":{"rendered":"<p><strong>Az\u0259rbaycan.media<\/strong> x\u0259b\u0259r verir ki, AB\u015e administrasiyas\u0131 \u0130ran\u0131n Ali R\u0259hb\u0259ri M\u00fcct\u0259ba Xameneinin sa\u011f oldu\u011funu ehtimal edir.<br \/>\nAPA-n\u0131n m\u0259lumat\u0131na g\u00f6r\u0259, bu bar\u0259d\u0259 AB\u015e d\u00f6vl\u0259t katibi Marko Rubio Fox News telekanal\u0131na m\u00fcsahib\u0259sind\u0259 bildirib.<br \/>\n\u201cOnun sa\u011f oldu\u011funa dair d\u0259lill\u0259rimiz var. Ayd\u0131nd\u0131r ki, onlar bunu iddia edirl\u0259r. \u018fksini s\u00fcbut ed\u0259n he\u00e7 bir d\u0259lilimiz yoxdur\u201d, \u2013 dey\u0259 o qeyd edib.<\/p>\n","protected":false},"excerpt":{"rendered":"<p>Az\u0259rbaycan.media x\u0259b\u0259r verir ki, AB\u015e administrasiyas\u0131 \u0130ran\u0131n Ali R\u0259hb\u0259ri M\u00fcct\u0259ba Xameneinin sa\u011f oldu\u011funu ehtimal edir. APA-n\u0131n m\u0259lumat\u0131na g\u00f6r\u0259, bu bar\u0259d\u0259 AB\u015e d\u00f6vl\u0259t katibi Marko Rubio Fox News telekanal\u0131na m\u00fcsahib\u0259sind\u0259 bildirib.&hellip; <\/p>\n","protected":false},"author":537,"featured_media":76838,"comment_status":"closed","ping_status":"closed","sticky":false,"template":"","format":"standard","meta":{"footnotes":""},"categories":[134],"tags":[],"class_list":["post-76837","post","type-post","status-publish","format-standard","has-post-thumbnail","hentry","category-amerika"],"_links":{"self":[{"href":"https:\/\/azerbaycan.media\/index.php?rest_route=\/wp\/v2\/posts\/76837","targetHints":{"allow":["GET"]}}],"collection":[{"href":"https:\/\/azerbaycan.media\/index.php?rest_route=\/wp\/v2\/posts"}],"about":[{"href":"https:\/\/azerbaycan.media\/index.php?rest_route=\/wp\/v2\/types\/post"}],"author":[{"embeddable":true,"href":"https:\/\/azerbaycan.media\/index.php?rest_route=\/wp\/v2\/users\/537"}],"replies":[{"embeddable":true,"href":"https:\/\/azerbaycan.media\/index.php?rest_route=%2Fwp%2Fv2%2Fcomments&post=76837"}],"version-history":[{"count":2,"href":"https:\/\/azerbaycan.media\/index.php?rest_route=\/wp\/v2\/posts\/76837\/revisions"}],"predecessor-version":[{"id":76840,"href":"https:\/\/azerbaycan.media\/index.php?rest_route=\/wp\/v2\/posts\/76837\/revisions\/76840"}],"wp:featuredmedia":[{"embeddable":true,"href":"https:\/\/azerbaycan.media\/index.php?rest_route=\/wp\/v2\/media\/76838"}],"wp:attachment":[{"href":"https:\/\/azerbaycan.media\/index.php?rest_route=%2Fwp%2Fv2%2Fmedia&parent=76837"}],"wp:term":[{"taxonomy":"category","embeddable":true,"href":"https:\/\/azerbaycan.media\/index.php?rest_route=%2Fwp%2Fv2%2Fcategories&post=76837"},{"taxonomy":"post_tag","embeddable":true,"href":"https:\/\/azerbaycan.media\/index.php?rest_route=%2Fwp%2Fv2%2Ftags&post=76837"}],"curies":[{"name":"wp","href":"https:\/\/api.w.org\/{rel}","templated":true}]}}