{"id":76832,"date":"2026-04-28T07:00:44","date_gmt":"2026-04-28T03:00:44","guid":{"rendered":"https:\/\/azerbaycan.media\/?p=76832"},"modified":"2026-04-28T07:00:44","modified_gmt":"2026-04-28T03:00:44","slug":"bakinin-iki-rayonunda-qaz-t%c9%99chizatinda-muv%c9%99qq%c9%99ti-fasil%c9%99-olacaq","status":"publish","type":"post","link":"https:\/\/azerbaycan.media\/?p=76832","title":{"rendered":"Bak\u0131n\u0131n iki rayonunda qaz t\u0259chizat\u0131nda m\u00fcv\u0259qq\u0259ti fasil\u0259 olacaq"},"content":{"rendered":"<p><strong>Az\u0259rbaycan.media<\/strong> x\u0259b\u0259r verir ki, bu g\u00fcn paytaxt\u0131n b\u0259zi \u0259razil\u0259rind\u0259 qaz t\u0259chizat\u0131 dayand\u0131r\u0131lacaq.<br \/>\nBu bar\u0259d\u0259 Axar.az-a SOCAR-\u0131n \u201cAz\u0259riqaz\u201d \u0130stehsalat Birliyind\u0259n m\u0259lumat verilib.<br \/>\nBildirilib ki, t\u0259mir-qura\u015fd\u0131rma i\u015fl\u0259rinin apar\u0131lmas\u0131 m\u0259qs\u0259dil\u0259 saat 10:00-dan etibar\u0259n Sabun\u00e7u rayonu \u00fczr\u0259 Ma\u015fta\u011fa q\u0259s\u0259b\u0259sinin bir hiss\u0259sind\u0259 v\u0259 Savalan q\u0259s\u0259b\u0259sind\u0259, h\u0259m\u00e7inin Suraxan\u0131 rayonu \u0259razisind\u0259 yerl\u0259\u015f\u0259n Z\u0131\u011f k\u0259ndind\u0259 qaz t\u0259chizat\u0131nda i\u015fl\u0259r ba\u015fa \u00e7atanad\u0259k fasil\u0259 yaranacaq.<\/p>\n","protected":false},"excerpt":{"rendered":"<p>Az\u0259rbaycan.media x\u0259b\u0259r verir ki, bu g\u00fcn paytaxt\u0131n b\u0259zi \u0259razil\u0259rind\u0259 qaz t\u0259chizat\u0131 dayand\u0131r\u0131lacaq. Bu bar\u0259d\u0259 Axar.az-a SOCAR-\u0131n \u201cAz\u0259riqaz\u201d \u0130stehsalat Birliyind\u0259n m\u0259lumat verilib. Bildirilib ki, t\u0259mir-qura\u015fd\u0131rma i\u015fl\u0259rinin apar\u0131lmas\u0131 m\u0259qs\u0259dil\u0259 saat 10:00-dan etibar\u0259n&hellip; <\/p>\n","protected":false},"author":537,"featured_media":76833,"comment_status":"closed","ping_status":"closed","sticky":false,"template":"","format":"standard","meta":{"footnotes":""},"categories":[75],"tags":[],"class_list":["post-76832","post","type-post","status-publish","format-standard","has-post-thumbnail","hentry","category-xbrlr"],"_links":{"self":[{"href":"https:\/\/azerbaycan.media\/index.php?rest_route=\/wp\/v2\/posts\/76832","targetHints":{"allow":["GET"]}}],"collection":[{"href":"https:\/\/azerbaycan.media\/index.php?rest_route=\/wp\/v2\/posts"}],"about":[{"href":"https:\/\/azerbaycan.media\/index.php?rest_route=\/wp\/v2\/types\/post"}],"author":[{"embeddable":true,"href":"https:\/\/azerbaycan.media\/index.php?rest_route=\/wp\/v2\/users\/537"}],"replies":[{"embeddable":true,"href":"https:\/\/azerbaycan.media\/index.php?rest_route=%2Fwp%2Fv2%2Fcomments&post=76832"}],"version-history":[{"count":2,"href":"https:\/\/azerbaycan.media\/index.php?rest_route=\/wp\/v2\/posts\/76832\/revisions"}],"predecessor-version":[{"id":76835,"href":"https:\/\/azerbaycan.media\/index.php?rest_route=\/wp\/v2\/posts\/76832\/revisions\/76835"}],"wp:featuredmedia":[{"embeddable":true,"href":"https:\/\/azerbaycan.media\/index.php?rest_route=\/wp\/v2\/media\/76833"}],"wp:attachment":[{"href":"https:\/\/azerbaycan.media\/index.php?rest_route=%2Fwp%2Fv2%2Fmedia&parent=76832"}],"wp:term":[{"taxonomy":"category","embeddable":true,"href":"https:\/\/azerbaycan.media\/index.php?rest_route=%2Fwp%2Fv2%2Fcategories&post=76832"},{"taxonomy":"post_tag","embeddable":true,"href":"https:\/\/azerbaycan.media\/index.php?rest_route=%2Fwp%2Fv2%2Ftags&post=76832"}],"curies":[{"name":"wp","href":"https:\/\/api.w.org\/{rel}","templated":true}]}}