{"id":76828,"date":"2026-04-28T06:56:15","date_gmt":"2026-04-28T02:56:15","guid":{"rendered":"https:\/\/azerbaycan.media\/?p=76828"},"modified":"2026-04-28T06:56:15","modified_gmt":"2026-04-28T02:56:15","slug":"z%c9%99rif%c9%99-eliyevanin-anadan-olmasinin-103-ili-tamam-olur","status":"publish","type":"post","link":"https:\/\/azerbaycan.media\/?p=76828","title":{"rendered":"<span style=\"color:red\">Z\u0259rif\u0259 \u018fliyevan\u0131n anadan olmas\u0131n\u0131n 103 ili tamam olur<\/span>"},"content":{"rendered":"<p><span style=\"color: #ff0000;\"><strong>Az\u0259rbaycan.media<\/strong><\/span> x\u0259b\u0259r verir ki, bu g\u00fcn g\u00f6rk\u0259mli oftalmoloq alim, akademik Z\u0259rif\u0259 \u018fliyevan\u0131n anadan olmas\u0131ndan 103 il \u00f6t\u00fcr.<br \/>\nAPA-n\u0131n m\u0259lumat\u0131na g\u00f6r\u0259, Z\u0259rif\u0259 \u018fliyeva 1923-c\u00fc il aprelin 28-d\u0259 \u015eahtaxt\u0131 k\u0259ndind\u0259 anadan olub.<br \/>\nAkademik Z\u0259rif\u0259 \u018fliyevan\u0131n elmi f\u0259aliyy\u0259ti v\u0259 qazand\u0131\u011f\u0131 u\u011furlar Az\u0259rbaycan tibb elminin tarixind\u0259 x\u00fcsusi m\u0259rh\u0259l\u0259 t\u0259\u015fkil edir. O, Az\u0259rbaycan Tibb \u0130nstitutunu bitirdikd\u0259n sonra t\u0259hsilini Moskvada yerl\u0259\u015f\u0259n H\u0259kiml\u0259ri T\u0259kmill\u0259\u015fdirm\u0259 \u0130nstitutunda davam etdirib. \u018fm\u0259k f\u0259aliyy\u0259tin\u0259 1949-cu ild\u0259 Az\u0259rbaycan Elmi-T\u0259dqiqat H\u0259kiml\u0259ri T\u0259kmill\u0259\u015fdirm\u0259 \u0130nstitutunda elmi i\u015f\u00e7i kimi ba\u015flayaraq, b\u00fct\u00fcn h\u0259yat\u0131n\u0131 oftalmologiya sah\u0259sin\u0259 h\u0259sr edib.<br \/>\n1940\u20131950-ci ill\u0259rd\u0259 Az\u0259rbaycanda geni\u015f yay\u0131lan Traxoma x\u0259st\u0259liyin\u0259 qar\u015f\u0131 m\u00fcbariz\u0259 onun elmi f\u0259aliyy\u0259tinin \u0259sas istiqam\u0259tl\u0259rind\u0259n biri olub. Z\u0259rif\u0259 \u018fliyeva x\u0259st\u0259liyin yay\u0131ld\u0131\u011f\u0131 b\u00f6lg\u0259l\u0259rd\u0259 t\u0259dqiqatlar apar\u0131b, h\u0259kiml\u0259r\u0259 m\u00fchazir\u0259l\u0259r oxuyub, \u0259hali aras\u0131nda maarifl\u0259ndirm\u0259 i\u015fl\u0259ri h\u0259yata ke\u00e7irib. Onun sintomisinl\u0259 m\u00fcalic\u0259 \u00fcsulu u\u011furlu n\u0259tic\u0259l\u0259r verib v\u0259 1959-cu ild\u0259 bu m\u00f6vzuda namiz\u0259dlik dissertasiyas\u0131n\u0131 m\u00fcdafi\u0259 edib. T\u0259klif etdiyi metod respublikada geni\u015f t\u0259tbiq olunaraq traxoman\u0131n aradan qald\u0131r\u0131lmas\u0131nda m\u00fch\u00fcm rol oynay\u0131b.<br \/>\nAlimin diqq\u0259t yetirdiyi dig\u0259r m\u00fch\u00fcm sah\u0259l\u0259r s\u0131ras\u0131nda Qlaukoma v\u0259 g\u00f6rm\u0259 orqan\u0131n\u0131n iltihabi x\u0259st\u0259likl\u0259rinin diaqnostikas\u0131 v\u0259 m\u00fcalic\u0259si d\u0259 yer al\u0131b. O, h\u0259m\u00e7inin g\u00f6rm\u0259 orqan\u0131n\u0131n pe\u015f\u0259 patologiyas\u0131n\u0131 d\u0259rind\u0259n ara\u015fd\u0131raraq bu istiqam\u0259td\u0259 d\u00fcnyada ilk elmi-t\u0259dqiqat laboratoriyas\u0131n\u0131 yarad\u0131b v\u0259 pe\u015f\u0259 oftalmologiyas\u0131n\u0131n \u0259sas\u0131n\u0131 qoyub. Bu sah\u0259d\u0259 apard\u0131\u011f\u0131 t\u0259dqiqatlar\u0131n n\u0259tic\u0259si kimi doktorluq dissertasiyas\u0131n\u0131 m\u00fcdafi\u0259 edib v\u0259 1977-ci ild\u0259 tibb elml\u0259ri doktoru elmi d\u0259r\u0259c\u0259sini al\u0131b.<br \/>\nZ\u0259rif\u0259 \u018fliyeva 1980-ci ild\u0259 \u201c\u018fm\u0259kdar elm xadimi\u201d f\u0259xri ad\u0131na layiq g\u00f6r\u00fcl\u00fcb. 1981-ci ild\u0259 is\u0259 oftalmologiya sah\u0259sind\u0259 \u0259n n\u00fcfuzlu m\u00fckafatlardan biri \u2013 M. \u0130. Averbax ad\u0131na m\u00fckafata layiq g\u00f6r\u00fcl\u0259r\u0259k bu m\u00fckafat\u0131 alan ilk qad\u0131n alim kimi tarix\u0259 d\u00fc\u015f\u00fcb.<br \/>\n1983-c\u00fc ild\u0259 Az\u0259rbaycan Elml\u0259r Akademiyas\u0131n\u0131n h\u0259qiqi \u00fczv\u00fc se\u00e7il\u0259n akademik Z\u0259rif\u0259 \u018fliyeva bir s\u0131ra d\u0259rs v\u0259saiti v\u0259 monoqrafiyalar\u0131n m\u00fc\u0259llifidir. Onun \u0259s\u0259rl\u0259ri bu g\u00fcn d\u0259 aktuall\u0131\u011f\u0131n\u0131 qoruyur. Alim eyni zamanda iridodiaqnostika v\u0259 iridoterapiya sah\u0259sind\u0259 d\u0259 ara\u015fd\u0131rmalar apararaq bu istiqam\u0259td\u0259 m\u00fch\u00fcm elmi \u0259s\u0259rl\u0259r \u0259rs\u0259y\u0259 g\u0259tirib.<br \/>\nZ\u0259rif\u0259 \u018fliyeva 1985-ci il aprelin 15-d\u0259 Moskvada v\u0259fat edib. Onun n\u0259\u015fi 1994-c\u00fc ild\u0259 F\u0259xri Xiyabanda, atas\u0131 \u018fziz \u018fliyevin m\u0259zar\u0131 yan\u0131nda d\u0259fn olunub.<\/p>\n","protected":false},"excerpt":{"rendered":"<p>Az\u0259rbaycan.media x\u0259b\u0259r verir ki, bu g\u00fcn g\u00f6rk\u0259mli oftalmoloq alim, akademik Z\u0259rif\u0259 \u018fliyevan\u0131n anadan olmas\u0131ndan 103 il \u00f6t\u00fcr. APA-n\u0131n m\u0259lumat\u0131na g\u00f6r\u0259, Z\u0259rif\u0259 \u018fliyeva 1923-c\u00fc il aprelin 28-d\u0259 \u015eahtaxt\u0131 k\u0259ndind\u0259 anadan olub.&hellip; <\/p>\n","protected":false},"author":537,"featured_media":76829,"comment_status":"closed","ping_status":"closed","sticky":false,"template":"","format":"standard","meta":{"footnotes":""},"categories":[1,71],"tags":[],"class_list":["post-76828","post","type-post","status-publish","format-standard","has-post-thumbnail","hentry","category-manset","category-sosial"],"_links":{"self":[{"href":"https:\/\/azerbaycan.media\/index.php?rest_route=\/wp\/v2\/posts\/76828","targetHints":{"allow":["GET"]}}],"collection":[{"href":"https:\/\/azerbaycan.media\/index.php?rest_route=\/wp\/v2\/posts"}],"about":[{"href":"https:\/\/azerbaycan.media\/index.php?rest_route=\/wp\/v2\/types\/post"}],"author":[{"embeddable":true,"href":"https:\/\/azerbaycan.media\/index.php?rest_route=\/wp\/v2\/users\/537"}],"replies":[{"embeddable":true,"href":"https:\/\/azerbaycan.media\/index.php?rest_route=%2Fwp%2Fv2%2Fcomments&post=76828"}],"version-history":[{"count":2,"href":"https:\/\/azerbaycan.media\/index.php?rest_route=\/wp\/v2\/posts\/76828\/revisions"}],"predecessor-version":[{"id":76831,"href":"https:\/\/azerbaycan.media\/index.php?rest_route=\/wp\/v2\/posts\/76828\/revisions\/76831"}],"wp:featuredmedia":[{"embeddable":true,"href":"https:\/\/azerbaycan.media\/index.php?rest_route=\/wp\/v2\/media\/76829"}],"wp:attachment":[{"href":"https:\/\/azerbaycan.media\/index.php?rest_route=%2Fwp%2Fv2%2Fmedia&parent=76828"}],"wp:term":[{"taxonomy":"category","embeddable":true,"href":"https:\/\/azerbaycan.media\/index.php?rest_route=%2Fwp%2Fv2%2Fcategories&post=76828"},{"taxonomy":"post_tag","embeddable":true,"href":"https:\/\/azerbaycan.media\/index.php?rest_route=%2Fwp%2Fv2%2Ftags&post=76828"}],"curies":[{"name":"wp","href":"https:\/\/api.w.org\/{rel}","templated":true}]}}