{"id":76819,"date":"2026-04-27T17:13:00","date_gmt":"2026-04-27T13:13:00","guid":{"rendered":"https:\/\/azerbaycan.media\/?p=76819"},"modified":"2026-04-27T17:13:00","modified_gmt":"2026-04-27T13:13:00","slug":"rayonlarda-hava-pisl%c9%99sir-yagis-dolu-v%c9%99-sel-t%c9%99hluk%c9%99si-gozl%c9%99nilir","status":"publish","type":"post","link":"https:\/\/azerbaycan.media\/?p=76819","title":{"rendered":"Rayonlarda hava pisl\u0259\u015fir: ya\u011f\u0131\u015f, dolu v\u0259 sel t\u0259hl\u00fck\u0259si g\u00f6zl\u0259nilir"},"content":{"rendered":"<p><strong>Az\u0259rbaycan.media<\/strong> x\u0259b\u0259r verir ki, Az\u0259rbaycan\u0131n rayonlar\u0131nda aprelin 28-d\u0259n 30-u s\u0259h\u0259r\u0259d\u0259k b\u0259zi \u0259razil\u0259rd\u0259 hava \u015f\u0259raitinin arabir ya\u011f\u0131nt\u0131l\u0131 olaca\u011f\u0131 g\u00f6zl\u0259nilir.<br \/>\nM\u0259lumata g\u00f6r\u0259, bu bar\u0259d\u0259 Milli Hidrometeorologiya Xidm\u0259ti m\u0259lumat yay\u0131b.<br \/>\nBildirilib ki, ayr\u0131-ayr\u0131 yerl\u0259rd\u0259 ya\u011f\u0131nt\u0131n\u0131n q\u0131sam\u00fcdd\u0259tli intensiv olaca\u011f\u0131, \u015fim\u015f\u0259k \u00e7axaca\u011f\u0131 v\u0259 dolu d\u00fc\u015f\u0259c\u0259yi ehtimal edilir. Da\u011fl\u0131q \u0259razil\u0259rd\u0259 is\u0259 qar ya\u011faca\u011f\u0131 proqnozla\u015fd\u0131r\u0131l\u0131r.<br \/>\nEyni zamanda, \u00e7aylarda sululu\u011fun artaca\u011f\u0131, b\u0259zi da\u011f \u00e7aylar\u0131ndan q\u0131sam\u00fcdd\u0259tli sel ke\u00e7\u0259c\u0259yi ehtimal olunur.<\/p>\n","protected":false},"excerpt":{"rendered":"<p>Az\u0259rbaycan.media x\u0259b\u0259r verir ki, Az\u0259rbaycan\u0131n rayonlar\u0131nda aprelin 28-d\u0259n 30-u s\u0259h\u0259r\u0259d\u0259k b\u0259zi \u0259razil\u0259rd\u0259 hava \u015f\u0259raitinin arabir ya\u011f\u0131nt\u0131l\u0131 olaca\u011f\u0131 g\u00f6zl\u0259nilir. M\u0259lumata g\u00f6r\u0259, bu bar\u0259d\u0259 Milli Hidrometeorologiya Xidm\u0259ti m\u0259lumat yay\u0131b. Bildirilib ki, ayr\u0131-ayr\u0131&hellip; <\/p>\n","protected":false},"author":537,"featured_media":76820,"comment_status":"closed","ping_status":"closed","sticky":false,"template":"","format":"standard","meta":{"footnotes":""},"categories":[71],"tags":[],"class_list":["post-76819","post","type-post","status-publish","format-standard","has-post-thumbnail","hentry","category-sosial"],"_links":{"self":[{"href":"https:\/\/azerbaycan.media\/index.php?rest_route=\/wp\/v2\/posts\/76819","targetHints":{"allow":["GET"]}}],"collection":[{"href":"https:\/\/azerbaycan.media\/index.php?rest_route=\/wp\/v2\/posts"}],"about":[{"href":"https:\/\/azerbaycan.media\/index.php?rest_route=\/wp\/v2\/types\/post"}],"author":[{"embeddable":true,"href":"https:\/\/azerbaycan.media\/index.php?rest_route=\/wp\/v2\/users\/537"}],"replies":[{"embeddable":true,"href":"https:\/\/azerbaycan.media\/index.php?rest_route=%2Fwp%2Fv2%2Fcomments&post=76819"}],"version-history":[{"count":2,"href":"https:\/\/azerbaycan.media\/index.php?rest_route=\/wp\/v2\/posts\/76819\/revisions"}],"predecessor-version":[{"id":76822,"href":"https:\/\/azerbaycan.media\/index.php?rest_route=\/wp\/v2\/posts\/76819\/revisions\/76822"}],"wp:featuredmedia":[{"embeddable":true,"href":"https:\/\/azerbaycan.media\/index.php?rest_route=\/wp\/v2\/media\/76820"}],"wp:attachment":[{"href":"https:\/\/azerbaycan.media\/index.php?rest_route=%2Fwp%2Fv2%2Fmedia&parent=76819"}],"wp:term":[{"taxonomy":"category","embeddable":true,"href":"https:\/\/azerbaycan.media\/index.php?rest_route=%2Fwp%2Fv2%2Fcategories&post=76819"},{"taxonomy":"post_tag","embeddable":true,"href":"https:\/\/azerbaycan.media\/index.php?rest_route=%2Fwp%2Fv2%2Ftags&post=76819"}],"curies":[{"name":"wp","href":"https:\/\/api.w.org\/{rel}","templated":true}]}}