{"id":76811,"date":"2026-04-27T16:58:26","date_gmt":"2026-04-27T12:58:26","guid":{"rendered":"https:\/\/azerbaycan.media\/?p=76811"},"modified":"2026-04-27T16:58:26","modified_gmt":"2026-04-27T12:58:26","slug":"yevgeni-primakov-v%c9%99zif%c9%99d%c9%99n-azad-edildi-yerin%c9%99-iqor-cayka-t%c9%99yin-olundu","status":"publish","type":"post","link":"https:\/\/azerbaycan.media\/?p=76811","title":{"rendered":"Yevgeni Primakov v\u0259zif\u0259d\u0259n azad edildi, yerin\u0259 \u0130qor \u00c7ayka t\u0259yin olundu"},"content":{"rendered":"<p><strong>Az\u0259rbaycan.media<\/strong> x\u0259b\u0259r verir ki, Yevgeni Primakov \u201cRossotrudni\u00e7estvo\u201dnun r\u0259hb\u0259ri v\u0259zif\u0259sind\u0259n azad edilib.<br \/>\nM\u0259lumata g\u00f6r\u0259, bu bar\u0259d\u0259 Rusiya prezidenti Vladimir Putinin imzalad\u0131\u011f\u0131 s\u0259r\u0259ncamda qeyd olunub.<br \/>\nBildirilib ki, Primakovun yerin\u0259 s\u00f6z\u00fcged\u0259n v\u0259zif\u0259y\u0259 \u0130qor \u00c7ayka t\u0259yin edilib.<\/p>\n","protected":false},"excerpt":{"rendered":"<p>Az\u0259rbaycan.media x\u0259b\u0259r verir ki, Yevgeni Primakov \u201cRossotrudni\u00e7estvo\u201dnun r\u0259hb\u0259ri v\u0259zif\u0259sind\u0259n azad edilib. M\u0259lumata g\u00f6r\u0259, bu bar\u0259d\u0259 Rusiya prezidenti Vladimir Putinin imzalad\u0131\u011f\u0131 s\u0259r\u0259ncamda qeyd olunub. Bildirilib ki, Primakovun yerin\u0259 s\u00f6z\u00fcged\u0259n v\u0259zif\u0259y\u0259 \u0130qor&hellip; <\/p>\n","protected":false},"author":537,"featured_media":76812,"comment_status":"closed","ping_status":"closed","sticky":false,"template":"","format":"standard","meta":{"footnotes":""},"categories":[55],"tags":[],"class_list":["post-76811","post","type-post","status-publish","format-standard","has-post-thumbnail","hentry","category-dunya"],"_links":{"self":[{"href":"https:\/\/azerbaycan.media\/index.php?rest_route=\/wp\/v2\/posts\/76811","targetHints":{"allow":["GET"]}}],"collection":[{"href":"https:\/\/azerbaycan.media\/index.php?rest_route=\/wp\/v2\/posts"}],"about":[{"href":"https:\/\/azerbaycan.media\/index.php?rest_route=\/wp\/v2\/types\/post"}],"author":[{"embeddable":true,"href":"https:\/\/azerbaycan.media\/index.php?rest_route=\/wp\/v2\/users\/537"}],"replies":[{"embeddable":true,"href":"https:\/\/azerbaycan.media\/index.php?rest_route=%2Fwp%2Fv2%2Fcomments&post=76811"}],"version-history":[{"count":2,"href":"https:\/\/azerbaycan.media\/index.php?rest_route=\/wp\/v2\/posts\/76811\/revisions"}],"predecessor-version":[{"id":76814,"href":"https:\/\/azerbaycan.media\/index.php?rest_route=\/wp\/v2\/posts\/76811\/revisions\/76814"}],"wp:featuredmedia":[{"embeddable":true,"href":"https:\/\/azerbaycan.media\/index.php?rest_route=\/wp\/v2\/media\/76812"}],"wp:attachment":[{"href":"https:\/\/azerbaycan.media\/index.php?rest_route=%2Fwp%2Fv2%2Fmedia&parent=76811"}],"wp:term":[{"taxonomy":"category","embeddable":true,"href":"https:\/\/azerbaycan.media\/index.php?rest_route=%2Fwp%2Fv2%2Fcategories&post=76811"},{"taxonomy":"post_tag","embeddable":true,"href":"https:\/\/azerbaycan.media\/index.php?rest_route=%2Fwp%2Fv2%2Ftags&post=76811"}],"curies":[{"name":"wp","href":"https:\/\/api.w.org\/{rel}","templated":true}]}}