{"id":76806,"date":"2026-04-27T14:18:12","date_gmt":"2026-04-27T10:18:12","guid":{"rendered":"https:\/\/azerbaycan.media\/?p=76806"},"modified":"2026-04-27T14:18:12","modified_gmt":"2026-04-27T10:18:12","slug":"hokkaydo-adasinda-6-2-bal-gucund%c9%99-z%c9%99lz%c9%99l%c9%99-qeyd%c9%99-alinib-x%c9%99sar%c9%99t-v%c9%99-daginti-yoxdur-az%c9%99rbaycan-media-x%c9%99b%c9%99r-verir-ki-yaponiyanin-hokkaydo","status":"publish","type":"post","link":"https:\/\/azerbaycan.media\/?p=76806","title":{"rendered":"Hokkaydo adas\u0131nda 6.2 bal g\u00fcc\u00fcnd\u0259 z\u0259lz\u0259l\u0259 qeyd\u0259 al\u0131n\u0131b \u2013 x\u0259sar\u0259t v\u0259 da\u011f\u0131nt\u0131 yoxdur Az\u0259rbaycan.media x\u0259b\u0259r verir ki, Yaponiyan\u0131n Hokkaydo adas\u0131nda 6.2 bal g\u00fcc\u00fcnd\u0259 z\u0259lz\u0259l\u0259 ba\u015f verib. M\u0259lumata g\u00f6r\u0259, bu bar\u0259d\u0259 Yaponiya Meteorologiya Agentliyi (JMA) m\u0259lumat yay\u0131b. S\u0259h\u0259r saatlar\u0131nda qeyd\u0259 al\u0131nan yeralt\u0131 t\u0259kanlar Toka\u00e7i b\u00f6lg\u0259sinin \u015fimal\u0131nda, 83 kilometr d\u0259rinlikd\u0259 hiss olunub. Z\u0259lz\u0259l\u0259 n\u0259tic\u0259sind\u0259 x\u0259sar\u0259t alan olmay\u0131b v\u0259 h\u0259r hans\u0131 da\u011f\u0131nt\u0131 qeyd\u0259 al\u0131nmay\u0131b. H\u0259m\u00e7inin sunami t\u0259hl\u00fck\u0259si il\u0259 ba\u011fl\u0131 x\u0259b\u0259rdarl\u0131q edilm\u0259yib."},"content":{"rendered":"<p><strong>Az\u0259rbaycan.media<\/strong> x\u0259b\u0259r verir ki, Yaponiyan\u0131n Hokkaydo adas\u0131nda 6.2 bal g\u00fcc\u00fcnd\u0259 z\u0259lz\u0259l\u0259 ba\u015f verib.<br \/>\nM\u0259lumata g\u00f6r\u0259, bu bar\u0259d\u0259 Yaponiya Meteorologiya Agentliyi (JMA) m\u0259lumat yay\u0131b. S\u0259h\u0259r saatlar\u0131nda qeyd\u0259 al\u0131nan yeralt\u0131 t\u0259kanlar Toka\u00e7i b\u00f6lg\u0259sinin \u015fimal\u0131nda, 83 kilometr d\u0259rinlikd\u0259 hiss olunub.<br \/>\nZ\u0259lz\u0259l\u0259 n\u0259tic\u0259sind\u0259 x\u0259sar\u0259t alan olmay\u0131b v\u0259 h\u0259r hans\u0131 da\u011f\u0131nt\u0131 qeyd\u0259 al\u0131nmay\u0131b. H\u0259m\u00e7inin sunami t\u0259hl\u00fck\u0259si il\u0259 ba\u011fl\u0131 x\u0259b\u0259rdarl\u0131q edilm\u0259yib.<\/p>\n","protected":false},"excerpt":{"rendered":"<p>Az\u0259rbaycan.media x\u0259b\u0259r verir ki, Yaponiyan\u0131n Hokkaydo adas\u0131nda 6.2 bal g\u00fcc\u00fcnd\u0259 z\u0259lz\u0259l\u0259 ba\u015f verib. M\u0259lumata g\u00f6r\u0259, bu bar\u0259d\u0259 Yaponiya Meteorologiya Agentliyi (JMA) m\u0259lumat yay\u0131b. S\u0259h\u0259r saatlar\u0131nda qeyd\u0259 al\u0131nan yeralt\u0131 t\u0259kanlar Toka\u00e7i&hellip; <\/p>\n","protected":false},"author":537,"featured_media":76807,"comment_status":"closed","ping_status":"closed","sticky":false,"template":"","format":"standard","meta":{"footnotes":""},"categories":[55],"tags":[],"class_list":["post-76806","post","type-post","status-publish","format-standard","has-post-thumbnail","hentry","category-dunya"],"_links":{"self":[{"href":"https:\/\/azerbaycan.media\/index.php?rest_route=\/wp\/v2\/posts\/76806","targetHints":{"allow":["GET"]}}],"collection":[{"href":"https:\/\/azerbaycan.media\/index.php?rest_route=\/wp\/v2\/posts"}],"about":[{"href":"https:\/\/azerbaycan.media\/index.php?rest_route=\/wp\/v2\/types\/post"}],"author":[{"embeddable":true,"href":"https:\/\/azerbaycan.media\/index.php?rest_route=\/wp\/v2\/users\/537"}],"replies":[{"embeddable":true,"href":"https:\/\/azerbaycan.media\/index.php?rest_route=%2Fwp%2Fv2%2Fcomments&post=76806"}],"version-history":[{"count":2,"href":"https:\/\/azerbaycan.media\/index.php?rest_route=\/wp\/v2\/posts\/76806\/revisions"}],"predecessor-version":[{"id":76810,"href":"https:\/\/azerbaycan.media\/index.php?rest_route=\/wp\/v2\/posts\/76806\/revisions\/76810"}],"wp:featuredmedia":[{"embeddable":true,"href":"https:\/\/azerbaycan.media\/index.php?rest_route=\/wp\/v2\/media\/76807"}],"wp:attachment":[{"href":"https:\/\/azerbaycan.media\/index.php?rest_route=%2Fwp%2Fv2%2Fmedia&parent=76806"}],"wp:term":[{"taxonomy":"category","embeddable":true,"href":"https:\/\/azerbaycan.media\/index.php?rest_route=%2Fwp%2Fv2%2Fcategories&post=76806"},{"taxonomy":"post_tag","embeddable":true,"href":"https:\/\/azerbaycan.media\/index.php?rest_route=%2Fwp%2Fv2%2Ftags&post=76806"}],"curies":[{"name":"wp","href":"https:\/\/api.w.org\/{rel}","templated":true}]}}