{"id":76802,"date":"2026-04-27T14:14:35","date_gmt":"2026-04-27T10:14:35","guid":{"rendered":"https:\/\/azerbaycan.media\/?p=76802"},"modified":"2026-04-27T14:14:35","modified_gmt":"2026-04-27T10:14:35","slug":"k%c9%99mal%c9%99ddin-heyd%c9%99rov-naxcivanda-v%c9%99t%c9%99ndaslari-q%c9%99bul-ed%c9%99c%c9%99k","status":"publish","type":"post","link":"https:\/\/azerbaycan.media\/?p=76802","title":{"rendered":"<span style=\"color:red\">K\u0259mal\u0259ddin Heyd\u0259rov Nax\u00e7\u0131vanda v\u0259t\u0259nda\u015flar\u0131 q\u0259bul ed\u0259c\u0259k<\/span>"},"content":{"rendered":"<p><span style=\"color: #ff0000;\"><strong>Az\u0259rbaycan.media<\/strong><\/span> x\u0259b\u0259r verir ki, Az\u0259rbaycan Respublikas\u0131n\u0131n f\u00f6vq\u0259lad\u0259 hallar naziri K\u0259mal\u0259ddin Heyd\u0259rov Nax\u00e7\u0131van \u015f\u0259h\u0259rind\u0259 v\u0259t\u0259nda\u015flar\u0131n q\u0259bulunu ke\u00e7ir\u0259c\u0259k.<br \/>\nF\u00f6vq\u0259lad\u0259 Hallar Nazirliyinin M\u0259tbuat xidm\u0259tinin m\u0259lumat\u0131na \u0259sas\u0259n, q\u0259bul 30 aprel 2026-c\u0131 il tarixind\u0259 saat 10:00-da Nax\u00e7\u0131van Muxtar Respublikas\u0131 F\u00f6vq\u0259lad\u0259 Hallar Nazirliyinin binas\u0131nda ba\u015f tutacaq.<br \/>\nQ\u0259bul \u00fc\u00e7\u00fcn v\u0259t\u0259nda\u015flar\u0131n qeydiyyat\u0131 29 aprel 2026-c\u0131 il saat 09:00-dan etibar\u0259n Nazirliyin binas\u0131nda apar\u0131lacaq.<br \/>\nBildirilib ki, g\u00f6r\u00fc\u015f zaman\u0131 yaln\u0131z F\u00f6vq\u0259lad\u0259 Hallar Nazirliyinin s\u0259lahiyy\u0259tl\u0259rin\u0259 aid m\u00fcraci\u0259tl\u0259r\u0259 bax\u0131lacaq. Q\u0259bulda i\u015ftirak etm\u0259k ist\u0259y\u0259n v\u0259t\u0259nda\u015flardan \u015f\u0259xsiyy\u0259ti t\u0259sdiq ed\u0259n s\u0259n\u0259din t\u0259qdim olunmas\u0131 t\u0259l\u0259b olunur.<\/p>\n<p>\u018flaq\u0259 \u00fc\u00e7\u00fcn +994 (12) 512-01-14 telefon n\u00f6mr\u0259si v\u0259 info@fhn.gov.az elektron po\u00e7t \u00fcnvan\u0131 g\u00f6st\u0259rilib.<\/p>\n","protected":false},"excerpt":{"rendered":"<p>Az\u0259rbaycan.media x\u0259b\u0259r verir ki, Az\u0259rbaycan Respublikas\u0131n\u0131n f\u00f6vq\u0259lad\u0259 hallar naziri K\u0259mal\u0259ddin Heyd\u0259rov Nax\u00e7\u0131van \u015f\u0259h\u0259rind\u0259 v\u0259t\u0259nda\u015flar\u0131n q\u0259bulunu ke\u00e7ir\u0259c\u0259k. F\u00f6vq\u0259lad\u0259 Hallar Nazirliyinin M\u0259tbuat xidm\u0259tinin m\u0259lumat\u0131na \u0259sas\u0259n, q\u0259bul 30 aprel 2026-c\u0131 il tarixind\u0259 saat&hellip; <\/p>\n","protected":false},"author":537,"featured_media":76803,"comment_status":"closed","ping_status":"closed","sticky":false,"template":"","format":"standard","meta":{"footnotes":""},"categories":[50,1],"tags":[],"class_list":["post-76802","post","type-post","status-publish","format-standard","has-post-thumbnail","hentry","category-gundm","category-manset"],"_links":{"self":[{"href":"https:\/\/azerbaycan.media\/index.php?rest_route=\/wp\/v2\/posts\/76802","targetHints":{"allow":["GET"]}}],"collection":[{"href":"https:\/\/azerbaycan.media\/index.php?rest_route=\/wp\/v2\/posts"}],"about":[{"href":"https:\/\/azerbaycan.media\/index.php?rest_route=\/wp\/v2\/types\/post"}],"author":[{"embeddable":true,"href":"https:\/\/azerbaycan.media\/index.php?rest_route=\/wp\/v2\/users\/537"}],"replies":[{"embeddable":true,"href":"https:\/\/azerbaycan.media\/index.php?rest_route=%2Fwp%2Fv2%2Fcomments&post=76802"}],"version-history":[{"count":2,"href":"https:\/\/azerbaycan.media\/index.php?rest_route=\/wp\/v2\/posts\/76802\/revisions"}],"predecessor-version":[{"id":76805,"href":"https:\/\/azerbaycan.media\/index.php?rest_route=\/wp\/v2\/posts\/76802\/revisions\/76805"}],"wp:featuredmedia":[{"embeddable":true,"href":"https:\/\/azerbaycan.media\/index.php?rest_route=\/wp\/v2\/media\/76803"}],"wp:attachment":[{"href":"https:\/\/azerbaycan.media\/index.php?rest_route=%2Fwp%2Fv2%2Fmedia&parent=76802"}],"wp:term":[{"taxonomy":"category","embeddable":true,"href":"https:\/\/azerbaycan.media\/index.php?rest_route=%2Fwp%2Fv2%2Fcategories&post=76802"},{"taxonomy":"post_tag","embeddable":true,"href":"https:\/\/azerbaycan.media\/index.php?rest_route=%2Fwp%2Fv2%2Ftags&post=76802"}],"curies":[{"name":"wp","href":"https:\/\/api.w.org\/{rel}","templated":true}]}}