{"id":76794,"date":"2026-04-27T13:19:21","date_gmt":"2026-04-27T09:19:21","guid":{"rendered":"https:\/\/azerbaycan.media\/?p=76794"},"modified":"2026-04-27T13:19:21","modified_gmt":"2026-04-27T09:19:21","slug":"ilham-eliyev-az%c9%99rbaycan-cexiya-%c9%99laq%c9%99l%c9%99ri-dinamik-inkisaf-edir","status":"publish","type":"post","link":"https:\/\/azerbaycan.media\/?p=76794","title":{"rendered":"<span style=\"color:red\">\u0130lham \u018fliyev: Az\u0259rbaycan\u2013\u00c7exiya \u0259laq\u0259l\u0259ri dinamik inki\u015faf edir<\/span>"},"content":{"rendered":"<p><span style=\"color: #ff0000;\"><strong>Az\u0259rbaycan.media<\/strong><\/span> x\u0259b\u0259r verir ki, Prezident \u0130lham \u018fliyev \u00c7exiyan\u0131n Ba\u015f naziri Andrey Babi\u015fl\u0259 ke\u00e7iril\u0259n m\u0259tbuata b\u0259yanat zaman\u0131 iki \u00f6lk\u0259 aras\u0131nda m\u00fcnasib\u0259tl\u0259rin inki\u015faf\u0131ndan dan\u0131\u015f\u0131b.<br \/>\nD\u00f6vl\u0259t ba\u015f\u00e7\u0131s\u0131 bildirib ki, \u00c7exiya Ba\u015f nazirinin s\u0259f\u0259ri Az\u0259rbaycan v\u0259 \u00c7exiya aras\u0131ndak\u0131 \u0259laq\u0259l\u0259rin dinamik \u015f\u0259kild\u0259 inki\u015faf etdiyini g\u00f6st\u0259rir:<br \/>\n\u201cBizim \u00e7ox f\u0259al siyasi dialoqumuz var\u201d, \u2013 dey\u0259 Prezident qeyd edib.<br \/>\n\u0130lham \u018fliyevin s\u00f6zl\u0259rin\u0259 g\u00f6r\u0259, g\u00f6r\u00fc\u015f zaman\u0131 t\u0259r\u0259fl\u0259r m\u00fcxt\u0259lif istiqam\u0259tl\u0259r \u00fczr\u0259 geni\u015f fikir m\u00fcbadil\u0259si apar\u0131blar.<br \/>\n\u201cBu g\u00fcn bir \u00e7ox m\u0259s\u0259l\u0259l\u0259r \u0259traf\u0131nda \u2013 h\u0259m regional, h\u0259m ikit\u0259r\u0259fli, h\u0259m d\u0259 daha qlobal xarakter da\u015f\u0131yan m\u0259s\u0259l\u0259l\u0259r \u00fczr\u0259 fikir m\u00fcbadil\u0259si apar\u0131ld\u0131\u201d, \u2013 dey\u0259 d\u00f6vl\u0259t ba\u015f\u00e7\u0131s\u0131 \u0259lav\u0259 edib.<\/p>\n","protected":false},"excerpt":{"rendered":"<p>Az\u0259rbaycan.media x\u0259b\u0259r verir ki, Prezident \u0130lham \u018fliyev \u00c7exiyan\u0131n Ba\u015f naziri Andrey Babi\u015fl\u0259 ke\u00e7iril\u0259n m\u0259tbuata b\u0259yanat zaman\u0131 iki \u00f6lk\u0259 aras\u0131nda m\u00fcnasib\u0259tl\u0259rin inki\u015faf\u0131ndan dan\u0131\u015f\u0131b. D\u00f6vl\u0259t ba\u015f\u00e7\u0131s\u0131 bildirib ki, \u00c7exiya Ba\u015f nazirinin s\u0259f\u0259ri&hellip; <\/p>\n","protected":false},"author":537,"featured_media":76795,"comment_status":"closed","ping_status":"closed","sticky":false,"template":"","format":"standard","meta":{"footnotes":""},"categories":[1,148],"tags":[],"class_list":["post-76794","post","type-post","status-publish","format-standard","has-post-thumbnail","hentry","category-manset","category-rsmi-xbr"],"_links":{"self":[{"href":"https:\/\/azerbaycan.media\/index.php?rest_route=\/wp\/v2\/posts\/76794","targetHints":{"allow":["GET"]}}],"collection":[{"href":"https:\/\/azerbaycan.media\/index.php?rest_route=\/wp\/v2\/posts"}],"about":[{"href":"https:\/\/azerbaycan.media\/index.php?rest_route=\/wp\/v2\/types\/post"}],"author":[{"embeddable":true,"href":"https:\/\/azerbaycan.media\/index.php?rest_route=\/wp\/v2\/users\/537"}],"replies":[{"embeddable":true,"href":"https:\/\/azerbaycan.media\/index.php?rest_route=%2Fwp%2Fv2%2Fcomments&post=76794"}],"version-history":[{"count":2,"href":"https:\/\/azerbaycan.media\/index.php?rest_route=\/wp\/v2\/posts\/76794\/revisions"}],"predecessor-version":[{"id":76797,"href":"https:\/\/azerbaycan.media\/index.php?rest_route=\/wp\/v2\/posts\/76794\/revisions\/76797"}],"wp:featuredmedia":[{"embeddable":true,"href":"https:\/\/azerbaycan.media\/index.php?rest_route=\/wp\/v2\/media\/76795"}],"wp:attachment":[{"href":"https:\/\/azerbaycan.media\/index.php?rest_route=%2Fwp%2Fv2%2Fmedia&parent=76794"}],"wp:term":[{"taxonomy":"category","embeddable":true,"href":"https:\/\/azerbaycan.media\/index.php?rest_route=%2Fwp%2Fv2%2Fcategories&post=76794"},{"taxonomy":"post_tag","embeddable":true,"href":"https:\/\/azerbaycan.media\/index.php?rest_route=%2Fwp%2Fv2%2Ftags&post=76794"}],"curies":[{"name":"wp","href":"https:\/\/api.w.org\/{rel}","templated":true}]}}