{"id":76790,"date":"2026-04-27T12:48:54","date_gmt":"2026-04-27T08:48:54","guid":{"rendered":"https:\/\/azerbaycan.media\/?p=76790"},"modified":"2026-04-27T12:48:54","modified_gmt":"2026-04-27T08:48:54","slug":"pasinyan-az%c9%99rbaycanla-s%c9%99rh%c9%99din-delimitasiyasi-yaxin-vaxtlarda-davam-etdiril%c9%99c%c9%99k","status":"publish","type":"post","link":"https:\/\/azerbaycan.media\/?p=76790","title":{"rendered":"Pa\u015finyan: Az\u0259rbaycanla s\u0259rh\u0259din delimitasiyas\u0131 yax\u0131n vaxtlarda davam etdiril\u0259c\u0259k"},"content":{"rendered":"<p><strong>Az\u0259rbaycan.media<\/strong> x\u0259b\u0259r verir ki, Erm\u0259nistan\u0131n Ba\u015f naziri Nikol Pa\u015finyan Az\u0259rbaycanla s\u0259rh\u0259din delimitasiyas\u0131 prosesinin yax\u0131n vaxtlarda davam etdiril\u0259c\u0259yini bildirib.<br \/>\nPa\u015finyan bu fikirl\u0259ri Milli T\u0259hl\u00fck\u0259sizlik Xidm\u0259tinin S\u0259rh\u0259d M\u00fchafiz\u0259si G\u00fcn\u00fc m\u00fcnasib\u0259til\u0259 ke\u00e7iril\u0259n t\u0259dbird\u0259 s\u0259sl\u0259ndirib. O qeyd edib ki, haz\u0131rda Az\u0259rbaycanla s\u0259rh\u0259din t\u0259xmin\u0259n 12 kilometrlik hiss\u0259si delimitasiya v\u0259 demarkasiya olunub v\u0259 h\u0259min \u0259razid\u0259 s\u0259rh\u0259d xidm\u0259tini Erm\u0259nistan S\u0259rh\u0259d Qo\u015funlar\u0131 h\u0259yata ke\u00e7irir.<br \/>\nBa\u015f nazir h\u0259min hiss\u0259ni \u201cistisna hal\u201d kimi qiym\u0259tl\u0259ndir\u0259r\u0259k bildirib ki, burada h\u0259r iki t\u0259r\u0259fin h\u0259rbi q\u00fcvv\u0259l\u0259ri daha yum\u015faq rejimd\u0259 xidm\u0259t apar\u0131r:<br \/>\n\u201cBu 12 kilometrlik hiss\u0259 Erm\u0259nistan-Az\u0259rbaycan s\u0259rh\u0259dinin yegan\u0259 hiss\u0259sidir ki, burada h\u0259r iki t\u0259r\u0259fin h\u0259rb\u00e7il\u0259ri d\u0259bilq\u0259siz, zirehli jiletsiz xidm\u0259t edir v\u0259 silahlar\u0131n daraqlar\u0131 avtomatlar\u0131n \u00fcz\u0259rind\u0259 deyil, \u00e7antalarda saxlan\u0131l\u0131r\u201d, \u2013 dey\u0259 Pa\u015finyan bildirib.<br \/>\nO \u0259lav\u0259 edib ki, yax\u0131n perspektivd\u0259 Erm\u0259nistan v\u0259 Az\u0259rbaycan aras\u0131nda s\u0259rh\u0259din delimitasiyas\u0131 prosesinin davam etdirilm\u0259si v\u0259 m\u0259rh\u0259l\u0259li \u015f\u0259kild\u0259 yekunla\u015fd\u0131r\u0131lmas\u0131 planla\u015fd\u0131r\u0131l\u0131r.<br \/>\nPa\u015finyan\u0131n s\u00f6zl\u0259rin\u0259 g\u00f6r\u0259, g\u00fcnd\u0259likd\u0259 G\u00fcrc\u00fcstanla s\u0259rh\u0259din delimitasiyas\u0131n\u0131n tamamlanmas\u0131 m\u0259s\u0259l\u0259si d\u0259 var v\u0259 bu istiqam\u0259td\u0259 art\u0131q t\u0259r\u0259fl\u0259r aras\u0131nda raz\u0131la\u015fmalar \u0259ld\u0259 olunub.<\/p>\n","protected":false},"excerpt":{"rendered":"<p>Az\u0259rbaycan.media x\u0259b\u0259r verir ki, Erm\u0259nistan\u0131n Ba\u015f naziri Nikol Pa\u015finyan Az\u0259rbaycanla s\u0259rh\u0259din delimitasiyas\u0131 prosesinin yax\u0131n vaxtlarda davam etdiril\u0259c\u0259yini bildirib. Pa\u015finyan bu fikirl\u0259ri Milli T\u0259hl\u00fck\u0259sizlik Xidm\u0259tinin S\u0259rh\u0259d M\u00fchafiz\u0259si G\u00fcn\u00fc m\u00fcnasib\u0259til\u0259 ke\u00e7iril\u0259n t\u0259dbird\u0259&hellip; <\/p>\n","protected":false},"author":537,"featured_media":76791,"comment_status":"closed","ping_status":"closed","sticky":false,"template":"","format":"standard","meta":{"footnotes":""},"categories":[75],"tags":[],"class_list":["post-76790","post","type-post","status-publish","format-standard","has-post-thumbnail","hentry","category-xbrlr"],"_links":{"self":[{"href":"https:\/\/azerbaycan.media\/index.php?rest_route=\/wp\/v2\/posts\/76790","targetHints":{"allow":["GET"]}}],"collection":[{"href":"https:\/\/azerbaycan.media\/index.php?rest_route=\/wp\/v2\/posts"}],"about":[{"href":"https:\/\/azerbaycan.media\/index.php?rest_route=\/wp\/v2\/types\/post"}],"author":[{"embeddable":true,"href":"https:\/\/azerbaycan.media\/index.php?rest_route=\/wp\/v2\/users\/537"}],"replies":[{"embeddable":true,"href":"https:\/\/azerbaycan.media\/index.php?rest_route=%2Fwp%2Fv2%2Fcomments&post=76790"}],"version-history":[{"count":2,"href":"https:\/\/azerbaycan.media\/index.php?rest_route=\/wp\/v2\/posts\/76790\/revisions"}],"predecessor-version":[{"id":76793,"href":"https:\/\/azerbaycan.media\/index.php?rest_route=\/wp\/v2\/posts\/76790\/revisions\/76793"}],"wp:featuredmedia":[{"embeddable":true,"href":"https:\/\/azerbaycan.media\/index.php?rest_route=\/wp\/v2\/media\/76791"}],"wp:attachment":[{"href":"https:\/\/azerbaycan.media\/index.php?rest_route=%2Fwp%2Fv2%2Fmedia&parent=76790"}],"wp:term":[{"taxonomy":"category","embeddable":true,"href":"https:\/\/azerbaycan.media\/index.php?rest_route=%2Fwp%2Fv2%2Fcategories&post=76790"},{"taxonomy":"post_tag","embeddable":true,"href":"https:\/\/azerbaycan.media\/index.php?rest_route=%2Fwp%2Fv2%2Ftags&post=76790"}],"curies":[{"name":"wp","href":"https:\/\/api.w.org\/{rel}","templated":true}]}}