{"id":76786,"date":"2026-04-27T12:46:49","date_gmt":"2026-04-27T08:46:49","guid":{"rendered":"https:\/\/azerbaycan.media\/?p=76786"},"modified":"2026-04-27T12:46:49","modified_gmt":"2026-04-27T08:46:49","slug":"bakida-guclu-kul%c9%99k-bolg%c9%99l%c9%99rd%c9%99-yagis-v%c9%99-sims%c9%99k-gozl%c9%99nilir-hava-proqnozu-aciqlandi","status":"publish","type":"post","link":"https:\/\/azerbaycan.media\/?p=76786","title":{"rendered":"Bak\u0131da g\u00fccl\u00fc k\u00fcl\u0259k, b\u00f6lg\u0259l\u0259rd\u0259 ya\u011f\u0131\u015f v\u0259 \u015fim\u015f\u0259k g\u00f6zl\u0259nilir \u2013 HAVA PROQNOZU A\u00c7IQLANDI"},"content":{"rendered":"<p><strong>Az\u0259rbaycan.media<\/strong> x\u0259b\u0259r verir ki, aprelin 28-d\u0259 \u00f6lk\u0259 \u0259razisind\u0259 hava \u015f\u0259raitinin d\u0259yi\u015fk\u0259n olaca\u011f\u0131, b\u0259zi b\u00f6lg\u0259l\u0259rd\u0259 ya\u011f\u0131nt\u0131lar\u0131n m\u00fc\u015fahid\u0259 edil\u0259c\u0259yi, Bak\u0131da is\u0259 \u0259sas\u0259n k\u00fcl\u0259kli hava \u015f\u0259raitinin h\u00f6km s\u00fcr\u0259c\u0259yi g\u00f6zl\u0259nilir.<br \/>\nMilli Hidrometeorologiya Xidm\u0259tinin m\u0259lumat\u0131na \u0259sas\u0259n, Bak\u0131da v\u0259 Ab\u015feron yar\u0131madas\u0131nda hava d\u0259yi\u015fk\u0259n buludlu olacaq, arabir tutulacaq v\u0259 \u0259sas\u0259n ya\u011fmursuz ke\u00e7\u0259c\u0259k. \u015eimal-q\u0259rb k\u00fcl\u0259yinin g\u00fccl\u0259n\u0259c\u0259yi bildirilir.<br \/>\nPaytaxtda havan\u0131n temperaturu gec\u0259 9\u201313\u00b0, g\u00fcnd\u00fcz is\u0259 13\u201316\u00b0 isti olacaq. Atmosfer t\u0259zyiqi 762 mm civ\u0259 s\u00fctunundan 766 mm-\u0259 y\u00fcks\u0259l\u0259c\u0259k, nisbi r\u00fctub\u0259t 40\u201350 faiz t\u0259\u015fkil ed\u0259c\u0259k.<br \/>\nRayonlarda is\u0259 hava daha qeyri-sabit olacaq. Bir s\u0131ra \u0259razil\u0259rd\u0259 arabir ya\u011f\u0131\u015f ya\u011faca\u011f\u0131, b\u0259zi yerl\u0259rd\u0259 is\u0259 ya\u011f\u0131nt\u0131n\u0131n intensivl\u0259\u015f\u0259c\u0259yi, \u015fim\u015f\u0259k \u00e7axaca\u011f\u0131 v\u0259 dolu d\u00fc\u015f\u0259c\u0259yi ehtimal olunur. Da\u011fl\u0131q b\u00f6lg\u0259l\u0259rd\u0259 qar ya\u011fmas\u0131 da istisna edilmir. Ayr\u0131-ayr\u0131 yerl\u0259rd\u0259 duman m\u00fc\u015fahid\u0259 edil\u0259c\u0259k, q\u0259rb k\u00fcl\u0259yinin is\u0259 b\u0259zi \u0259razil\u0259rd\u0259 g\u00fccl\u0259n\u0259c\u0259yi bildirilir.<br \/>\nRayonlarda temperatur gec\u0259 8\u201312\u00b0, g\u00fcnd\u00fcz 15\u201320\u00b0, da\u011fl\u0131q \u0259razil\u0259rd\u0259 is\u0259 gec\u0259 2\u20137\u00b0, g\u00fcnd\u00fcz 7\u201312\u00b0 isti aras\u0131nda d\u0259yi\u015f\u0259c\u0259k.<\/p>\n","protected":false},"excerpt":{"rendered":"<p>Az\u0259rbaycan.media x\u0259b\u0259r verir ki, aprelin 28-d\u0259 \u00f6lk\u0259 \u0259razisind\u0259 hava \u015f\u0259raitinin d\u0259yi\u015fk\u0259n olaca\u011f\u0131, b\u0259zi b\u00f6lg\u0259l\u0259rd\u0259 ya\u011f\u0131nt\u0131lar\u0131n m\u00fc\u015fahid\u0259 edil\u0259c\u0259yi, Bak\u0131da is\u0259 \u0259sas\u0259n k\u00fcl\u0259kli hava \u015f\u0259raitinin h\u00f6km s\u00fcr\u0259c\u0259yi g\u00f6zl\u0259nilir. Milli Hidrometeorologiya Xidm\u0259tinin m\u0259lumat\u0131na&hellip; <\/p>\n","protected":false},"author":537,"featured_media":76787,"comment_status":"closed","ping_status":"closed","sticky":false,"template":"","format":"standard","meta":{"footnotes":""},"categories":[75],"tags":[],"class_list":["post-76786","post","type-post","status-publish","format-standard","has-post-thumbnail","hentry","category-xbrlr"],"_links":{"self":[{"href":"https:\/\/azerbaycan.media\/index.php?rest_route=\/wp\/v2\/posts\/76786","targetHints":{"allow":["GET"]}}],"collection":[{"href":"https:\/\/azerbaycan.media\/index.php?rest_route=\/wp\/v2\/posts"}],"about":[{"href":"https:\/\/azerbaycan.media\/index.php?rest_route=\/wp\/v2\/types\/post"}],"author":[{"embeddable":true,"href":"https:\/\/azerbaycan.media\/index.php?rest_route=\/wp\/v2\/users\/537"}],"replies":[{"embeddable":true,"href":"https:\/\/azerbaycan.media\/index.php?rest_route=%2Fwp%2Fv2%2Fcomments&post=76786"}],"version-history":[{"count":2,"href":"https:\/\/azerbaycan.media\/index.php?rest_route=\/wp\/v2\/posts\/76786\/revisions"}],"predecessor-version":[{"id":76789,"href":"https:\/\/azerbaycan.media\/index.php?rest_route=\/wp\/v2\/posts\/76786\/revisions\/76789"}],"wp:featuredmedia":[{"embeddable":true,"href":"https:\/\/azerbaycan.media\/index.php?rest_route=\/wp\/v2\/media\/76787"}],"wp:attachment":[{"href":"https:\/\/azerbaycan.media\/index.php?rest_route=%2Fwp%2Fv2%2Fmedia&parent=76786"}],"wp:term":[{"taxonomy":"category","embeddable":true,"href":"https:\/\/azerbaycan.media\/index.php?rest_route=%2Fwp%2Fv2%2Fcategories&post=76786"},{"taxonomy":"post_tag","embeddable":true,"href":"https:\/\/azerbaycan.media\/index.php?rest_route=%2Fwp%2Fv2%2Ftags&post=76786"}],"curies":[{"name":"wp","href":"https:\/\/api.w.org\/{rel}","templated":true}]}}