{"id":76781,"date":"2026-04-27T12:40:09","date_gmt":"2026-04-27T08:40:09","guid":{"rendered":"https:\/\/azerbaycan.media\/?p=76781"},"modified":"2026-04-27T12:40:09","modified_gmt":"2026-04-27T08:40:09","slug":"dim-s%c9%99dri-xarici-dilin-buraxilis-imtahanina-daxil-edilm%c9%99si-dogru-q%c9%99rar-olub","status":"publish","type":"post","link":"https:\/\/azerbaycan.media\/?p=76781","title":{"rendered":"D\u0130M s\u0259dri: Xarici dilin burax\u0131l\u0131\u015f imtahan\u0131na daxil edilm\u0259si do\u011fru q\u0259rar olub"},"content":{"rendered":"<p><strong>Az\u0259rbaycan.media<\/strong> x\u0259b\u0259r verir ki, D\u00f6vl\u0259t \u0130mtahan M\u0259rk\u0259zinin (D\u0130M) \u0130dar\u0259 Hey\u0259tinin s\u0259dri M\u0259leyk\u0259 Abbaszad\u0259 tam orta t\u0259hsil s\u0259viyy\u0259sind\u0259 burax\u0131l\u0131\u015f imtahanlar\u0131n\u0131n formala\u015fd\u0131r\u0131lmas\u0131 il\u0259 ba\u011fl\u0131 m\u00fch\u00fcm m\u0259qamlara toxunub.<br \/>\nO, \u201cTam orta t\u0259hsil s\u0259viyy\u0259sind\u0259 xarici dil f\u0259nl\u0259ri \u00fczr\u0259 qiym\u0259tl\u0259ndirm\u0259: yeni yana\u015fmalar v\u0259 perspektivl\u0259r\u201d adl\u0131 t\u0259dbird\u0259 \u00e7\u0131x\u0131\u015f\u0131 zaman\u0131 xat\u0131rlad\u0131b ki, 2012-ci ild\u0259 burax\u0131l\u0131\u015f imtahanlar\u0131n\u0131n ke\u00e7irilm\u0259si D\u0130M-\u0259 h\u0259val\u0259 olunark\u0259n geni\u015f m\u00fczakir\u0259l\u0259r apar\u0131l\u0131b. H\u0259min d\u00f6vrd\u0259 riyaziyyat v\u0259 Az\u0259rbaycan dili \u0259sas f\u0259nl\u0259r kimi m\u00fc\u0259yy\u0259n edilib, \u00fc\u00e7\u00fcnc\u00fc f\u0259nnin se\u00e7imi is\u0259 ciddi debatlara s\u0259b\u0259b olub.<br \/>\nM\u0259leyk\u0259 Abbaszad\u0259nin s\u00f6zl\u0259rin\u0259 g\u00f6r\u0259, h\u0259min ild\u0259 t\u0259hsil naziri Mikay\u0131l Cabbarovun t\u0259\u015f\u0259bb\u00fcs\u00fc il\u0259 \u00fc\u00e7\u00fcnc\u00fc f\u0259nn kimi xarici dilin se\u00e7ilm\u0259si q\u0259rara al\u0131n\u0131b:<br \/>\n\u201cD\u00fcz\u00fcn\u00fc des\u0259m, o zaman \u00fc\u00e7\u00fcnc\u00fc f\u0259nnin xarici dil olmas\u0131n\u0131n \u0259leyhin\u0259 idim. \u00c7\u00fcnki b\u0259zi m\u0259kt\u0259bl\u0259rd\u0259 xarici dilin t\u0259drisi ya \u00fcmumiyy\u0259tl\u0259 apar\u0131lm\u0131rd\u0131, ya da yaln\u0131z bir-iki il ke\u00e7ilmi\u015f, daha sonra is\u0259 m\u00fc\u0259llim \u00e7at\u0131\u015fmazl\u0131\u011f\u0131 s\u0259b\u0259bind\u0259n dayand\u0131r\u0131lm\u0131\u015fd\u0131. Bu \u015f\u0259raitd\u0259 h\u0259min f\u0259nnin burax\u0131l\u0131\u015f imtahan\u0131na daxil edilm\u0259sini m\u0259qs\u0259d\u0259uy\u011fun hesab etmirdik\u201d, \u2013 dey\u0259 D\u0130M s\u0259dri bildirib.<br \/>\nBununla bel\u0259, o qeyd edib ki, zaman ke\u00e7dikc\u0259 bu q\u0259rar\u0131n d\u00fczg\u00fcnl\u00fcy\u00fc \u00f6z\u00fcn\u00fc do\u011fruldub. Onun fikrinc\u0259, xarici dil bilikl\u0259ri g\u0259ncl\u0259rin g\u0259l\u0259c\u0259k t\u0259hsil v\u0259 karyera imkanlar\u0131n\u0131 geni\u015fl\u0259ndirir, onlara yeni perspektivl\u0259r a\u00e7\u0131r.<\/p>\n","protected":false},"excerpt":{"rendered":"<p>Az\u0259rbaycan.media x\u0259b\u0259r verir ki, D\u00f6vl\u0259t \u0130mtahan M\u0259rk\u0259zinin (D\u0130M) \u0130dar\u0259 Hey\u0259tinin s\u0259dri M\u0259leyk\u0259 Abbaszad\u0259 tam orta t\u0259hsil s\u0259viyy\u0259sind\u0259 burax\u0131l\u0131\u015f imtahanlar\u0131n\u0131n formala\u015fd\u0131r\u0131lmas\u0131 il\u0259 ba\u011fl\u0131 m\u00fch\u00fcm m\u0259qamlara toxunub. O, \u201cTam orta t\u0259hsil s\u0259viyy\u0259sind\u0259&hellip; <\/p>\n","protected":false},"author":537,"featured_media":76782,"comment_status":"closed","ping_status":"closed","sticky":false,"template":"","format":"standard","meta":{"footnotes":""},"categories":[69],"tags":[],"class_list":["post-76781","post","type-post","status-publish","format-standard","has-post-thumbnail","hentry","category-thsil"],"_links":{"self":[{"href":"https:\/\/azerbaycan.media\/index.php?rest_route=\/wp\/v2\/posts\/76781","targetHints":{"allow":["GET"]}}],"collection":[{"href":"https:\/\/azerbaycan.media\/index.php?rest_route=\/wp\/v2\/posts"}],"about":[{"href":"https:\/\/azerbaycan.media\/index.php?rest_route=\/wp\/v2\/types\/post"}],"author":[{"embeddable":true,"href":"https:\/\/azerbaycan.media\/index.php?rest_route=\/wp\/v2\/users\/537"}],"replies":[{"embeddable":true,"href":"https:\/\/azerbaycan.media\/index.php?rest_route=%2Fwp%2Fv2%2Fcomments&post=76781"}],"version-history":[{"count":2,"href":"https:\/\/azerbaycan.media\/index.php?rest_route=\/wp\/v2\/posts\/76781\/revisions"}],"predecessor-version":[{"id":76784,"href":"https:\/\/azerbaycan.media\/index.php?rest_route=\/wp\/v2\/posts\/76781\/revisions\/76784"}],"wp:featuredmedia":[{"embeddable":true,"href":"https:\/\/azerbaycan.media\/index.php?rest_route=\/wp\/v2\/media\/76782"}],"wp:attachment":[{"href":"https:\/\/azerbaycan.media\/index.php?rest_route=%2Fwp%2Fv2%2Fmedia&parent=76781"}],"wp:term":[{"taxonomy":"category","embeddable":true,"href":"https:\/\/azerbaycan.media\/index.php?rest_route=%2Fwp%2Fv2%2Fcategories&post=76781"},{"taxonomy":"post_tag","embeddable":true,"href":"https:\/\/azerbaycan.media\/index.php?rest_route=%2Fwp%2Fv2%2Ftags&post=76781"}],"curies":[{"name":"wp","href":"https:\/\/api.w.org\/{rel}","templated":true}]}}