{"id":76772,"date":"2026-04-27T12:33:25","date_gmt":"2026-04-27T08:33:25","guid":{"rendered":"https:\/\/azerbaycan.media\/?p=76772"},"modified":"2026-04-27T12:33:53","modified_gmt":"2026-04-27T08:33:53","slug":"minat%c9%99mizl%c9%99y%c9%99nl%c9%99rin-h%c9%99lak-olan-ovladlarinin-t%c9%99hsil-x%c9%99rci-dovl%c9%99t-t%c9%99r%c9%99find%c9%99n-od%c9%99nil%c9%99c%c9%99k","status":"publish","type":"post","link":"https:\/\/azerbaycan.media\/?p=76772","title":{"rendered":"Minat\u0259mizl\u0259y\u0259nl\u0259rin h\u0259lak olan \u00f6vladlar\u0131n\u0131n t\u0259hsil x\u0259rci d\u00f6vl\u0259t t\u0259r\u0259find\u0259n \u00f6d\u0259nil\u0259c\u0259k"},"content":{"rendered":"<p><strong>Az\u0259rbaycan.media<\/strong> x\u0259b\u0259r verir ki, minat\u0259mizl\u0259m\u0259 f\u0259aliyy\u0259ti zaman\u0131 h\u0259lak olmu\u015f \u015f\u0259xsl\u0259rin \u00f6vladlar\u0131n\u0131n t\u0259hsil x\u0259rcl\u0259rinin d\u00f6vl\u0259t b\u00fcdc\u0259si hesab\u0131na \u00f6d\u0259nilm\u0259si il\u0259 ba\u011fl\u0131 d\u0259yi\u015fiklik \u201cT\u0259hsil haqq\u0131nda\u201d qanuna \u0259lav\u0259 edilib.<br \/>\nM\u0259s\u0259l\u0259 Milli M\u0259clisin bu g\u00fcn ke\u00e7iril\u0259n plenar iclas\u0131nda m\u00fczakir\u0259y\u0259 \u00e7\u0131xar\u0131l\u0131b v\u0259 qanuna t\u0259klif edil\u0259n d\u0259yi\u015fiklikd\u0259 \u00f6z \u0259ksini tap\u0131b.<br \/>\nD\u0259yi\u015fikliy\u0259 \u0259sas\u0259n, minat\u0259mizl\u0259m\u0259 f\u0259aliyy\u0259ti zaman\u0131 h\u0259lak olmu\u015f minat\u0259mizl\u0259y\u0259nl\u0259rin \u00f6vladlar\u0131 m\u00fclkiyy\u0259t formas\u0131ndan as\u0131l\u0131 olmayaraq Az\u0259rbaycan Respublikas\u0131n\u0131n t\u0259hsil m\u00fc\u0259ssis\u0259l\u0259rind\u0259 \u00f6d\u0259ni\u015fli \u0259saslarla (\u0259lav\u0259 t\u0259hsil istisna olmaqla) t\u0259hsil ald\u0131qlar\u0131 m\u00fcdd\u0259td\u0259 t\u0259hsil haqq\u0131ndan azad edil\u0259c\u0259k. X\u0259rcl\u0259r d\u00f6vl\u0259t b\u00fcdc\u0259sinin v\u0259saiti hesab\u0131na qar\u015f\u0131lanacaq.<br \/>\nQanun layih\u0259sinin ke\u00e7id m\u00fcdd\u0259alar\u0131na uy\u011fun olaraq, bu d\u0259yi\u015fiklik 2026-c\u0131 il sentyabr\u0131n 15-d\u0259n t\u0259tbiq edil\u0259c\u0259k. Eyni zamanda, norma qanunun q\u00fcvv\u0259y\u0259 mindiyi tarix\u0259d\u0259k minat\u0259mizl\u0259m\u0259 f\u0259aliyy\u0259ti zaman\u0131 h\u0259lak olan v\u0259 ya ald\u0131\u011f\u0131 x\u0259sar\u0259t n\u0259tic\u0259sind\u0259 h\u0259yat\u0131n\u0131 itir\u0259n minat\u0259mizl\u0259y\u0259nl\u0259rin \u00f6vladlar\u0131na da \u015famil olunacaq. Bu g\u00fcz\u0259\u015ft 23 ya\u015fad\u0259k olan \u015f\u0259xsl\u0259ri \u0259hat\u0259 ed\u0259c\u0259k.<br \/>\nD\u0259yi\u015fiklik s\u0259s\u0259 qoyularaq \u00fc\u00e7\u00fcnc\u00fc oxunu\u015fda q\u0259bul edilib.<\/p>\n","protected":false},"excerpt":{"rendered":"<p>Az\u0259rbaycan.media x\u0259b\u0259r verir ki, minat\u0259mizl\u0259m\u0259 f\u0259aliyy\u0259ti zaman\u0131 h\u0259lak olmu\u015f \u015f\u0259xsl\u0259rin \u00f6vladlar\u0131n\u0131n t\u0259hsil x\u0259rcl\u0259rinin d\u00f6vl\u0259t b\u00fcdc\u0259si hesab\u0131na \u00f6d\u0259nilm\u0259si il\u0259 ba\u011fl\u0131 d\u0259yi\u015fiklik \u201cT\u0259hsil haqq\u0131nda\u201d qanuna \u0259lav\u0259 edilib. M\u0259s\u0259l\u0259 Milli M\u0259clisin bu g\u00fcn&hellip; <\/p>\n","protected":false},"author":537,"featured_media":76773,"comment_status":"closed","ping_status":"closed","sticky":false,"template":"","format":"standard","meta":{"footnotes":""},"categories":[69],"tags":[],"class_list":["post-76772","post","type-post","status-publish","format-standard","has-post-thumbnail","hentry","category-thsil"],"_links":{"self":[{"href":"https:\/\/azerbaycan.media\/index.php?rest_route=\/wp\/v2\/posts\/76772","targetHints":{"allow":["GET"]}}],"collection":[{"href":"https:\/\/azerbaycan.media\/index.php?rest_route=\/wp\/v2\/posts"}],"about":[{"href":"https:\/\/azerbaycan.media\/index.php?rest_route=\/wp\/v2\/types\/post"}],"author":[{"embeddable":true,"href":"https:\/\/azerbaycan.media\/index.php?rest_route=\/wp\/v2\/users\/537"}],"replies":[{"embeddable":true,"href":"https:\/\/azerbaycan.media\/index.php?rest_route=%2Fwp%2Fv2%2Fcomments&post=76772"}],"version-history":[{"count":1,"href":"https:\/\/azerbaycan.media\/index.php?rest_route=\/wp\/v2\/posts\/76772\/revisions"}],"predecessor-version":[{"id":76774,"href":"https:\/\/azerbaycan.media\/index.php?rest_route=\/wp\/v2\/posts\/76772\/revisions\/76774"}],"wp:featuredmedia":[{"embeddable":true,"href":"https:\/\/azerbaycan.media\/index.php?rest_route=\/wp\/v2\/media\/76773"}],"wp:attachment":[{"href":"https:\/\/azerbaycan.media\/index.php?rest_route=%2Fwp%2Fv2%2Fmedia&parent=76772"}],"wp:term":[{"taxonomy":"category","embeddable":true,"href":"https:\/\/azerbaycan.media\/index.php?rest_route=%2Fwp%2Fv2%2Fcategories&post=76772"},{"taxonomy":"post_tag","embeddable":true,"href":"https:\/\/azerbaycan.media\/index.php?rest_route=%2Fwp%2Fv2%2Ftags&post=76772"}],"curies":[{"name":"wp","href":"https:\/\/api.w.org\/{rel}","templated":true}]}}