{"id":76760,"date":"2026-04-27T11:21:18","date_gmt":"2026-04-27T07:21:18","guid":{"rendered":"https:\/\/azerbaycan.media\/?p=76760"},"modified":"2026-04-27T11:21:50","modified_gmt":"2026-04-27T07:21:50","slug":"s%c9%99hid-qizi-buraxilis-imtahaninda-yuks%c9%99k-n%c9%99tic%c9%99-gost%c9%99rdi","status":"publish","type":"post","link":"https:\/\/azerbaycan.media\/?p=76760","title":{"rendered":"<span style=\"color:red\">\u015e\u0259hid q\u0131z\u0131 burax\u0131l\u0131\u015f imtahan\u0131nda y\u00fcks\u0259k n\u0259tic\u0259 g\u00f6st\u0259rdi<\/span>"},"content":{"rendered":"<p><span style=\"color: #ff0000;\"><strong>Az\u0259rbaycan.media<\/strong><\/span> x\u0259b\u0259r verir ki, G\u00f6yg\u00f6l rayonunda t\u0259hsil alan abituriyent Ayan Nift\u0259liyeva burax\u0131l\u0131\u015f imtahan\u0131nda 300 m\u00fcmk\u00fcn baldan 290-n\u0131 toplayaraq y\u00fcks\u0259k n\u0259tic\u0259 g\u00f6st\u0259rib.<br \/>\nBildirilib ki, Ayan Nift\u0259liyeva V\u0259t\u0259n m\u00fcharib\u0259si \u015f\u0259hidi, leytenant Ceyhun Nift\u0259liyevin q\u0131z\u0131d\u0131r. Onun \u0259ld\u0259 etdiyi bu u\u011fur ail\u0259si v\u0259 yax\u0131nlar\u0131 t\u0259r\u0259find\u0259n b\u00f6y\u00fck q\u00fcrur hissi il\u0259 qar\u015f\u0131lan\u0131b.<br \/>\nM\u0259lumata g\u00f6r\u0259, Ayan g\u0259l\u0259c\u0259kd\u0259 tibb sah\u0259sind\u0259 t\u0259hsil alma\u011f\u0131 v\u0259 h\u0259kim kimi insanlara faydal\u0131 olma\u011f\u0131 qar\u015f\u0131s\u0131na m\u0259qs\u0259d qoyub. Bu se\u00e7im ail\u0259 \u0259n\u0259n\u0259si il\u0259 d\u0259 uy\u011funluq t\u0259\u015fkil edir. Bel\u0259 ki, onun qarda\u015f\u0131 haz\u0131rda Az\u0259rbaycan Tibb Universitetind\u0259 stomatologiya ixtisas\u0131 \u00fczr\u0259 t\u0259hsil al\u0131r.<br \/>\nQeyd ed\u0259k ki, Ayan Nift\u0259liyevan\u0131n n\u0259tic\u0259si \u00f6lk\u0259 \u00fczr\u0259 \u0259n y\u00fcks\u0259k g\u00f6st\u0259ricil\u0259rd\u0259n biri hesab olunur v\u0259 onun q\u0259bul imtahanlar\u0131nda da u\u011fur qazanaca\u011f\u0131 g\u00f6zl\u0259nilir.<\/p>\n","protected":false},"excerpt":{"rendered":"<p>Az\u0259rbaycan.media x\u0259b\u0259r verir ki, G\u00f6yg\u00f6l rayonunda t\u0259hsil alan abituriyent Ayan Nift\u0259liyeva burax\u0131l\u0131\u015f imtahan\u0131nda 300 m\u00fcmk\u00fcn baldan 290-n\u0131 toplayaraq y\u00fcks\u0259k n\u0259tic\u0259 g\u00f6st\u0259rib. Bildirilib ki, Ayan Nift\u0259liyeva V\u0259t\u0259n m\u00fcharib\u0259si \u015f\u0259hidi, leytenant Ceyhun&hellip; <\/p>\n","protected":false},"author":537,"featured_media":76761,"comment_status":"closed","ping_status":"closed","sticky":false,"template":"","format":"standard","meta":{"footnotes":""},"categories":[1,69],"tags":[],"class_list":["post-76760","post","type-post","status-publish","format-standard","has-post-thumbnail","hentry","category-manset","category-thsil"],"_links":{"self":[{"href":"https:\/\/azerbaycan.media\/index.php?rest_route=\/wp\/v2\/posts\/76760","targetHints":{"allow":["GET"]}}],"collection":[{"href":"https:\/\/azerbaycan.media\/index.php?rest_route=\/wp\/v2\/posts"}],"about":[{"href":"https:\/\/azerbaycan.media\/index.php?rest_route=\/wp\/v2\/types\/post"}],"author":[{"embeddable":true,"href":"https:\/\/azerbaycan.media\/index.php?rest_route=\/wp\/v2\/users\/537"}],"replies":[{"embeddable":true,"href":"https:\/\/azerbaycan.media\/index.php?rest_route=%2Fwp%2Fv2%2Fcomments&post=76760"}],"version-history":[{"count":2,"href":"https:\/\/azerbaycan.media\/index.php?rest_route=\/wp\/v2\/posts\/76760\/revisions"}],"predecessor-version":[{"id":76763,"href":"https:\/\/azerbaycan.media\/index.php?rest_route=\/wp\/v2\/posts\/76760\/revisions\/76763"}],"wp:featuredmedia":[{"embeddable":true,"href":"https:\/\/azerbaycan.media\/index.php?rest_route=\/wp\/v2\/media\/76761"}],"wp:attachment":[{"href":"https:\/\/azerbaycan.media\/index.php?rest_route=%2Fwp%2Fv2%2Fmedia&parent=76760"}],"wp:term":[{"taxonomy":"category","embeddable":true,"href":"https:\/\/azerbaycan.media\/index.php?rest_route=%2Fwp%2Fv2%2Fcategories&post=76760"},{"taxonomy":"post_tag","embeddable":true,"href":"https:\/\/azerbaycan.media\/index.php?rest_route=%2Fwp%2Fv2%2Ftags&post=76760"}],"curies":[{"name":"wp","href":"https:\/\/api.w.org\/{rel}","templated":true}]}}