{"id":76748,"date":"2026-04-27T11:07:55","date_gmt":"2026-04-27T07:07:55","guid":{"rendered":"https:\/\/azerbaycan.media\/?p=76748"},"modified":"2026-04-27T11:07:55","modified_gmt":"2026-04-27T07:07:55","slug":"sabiq-icra-bascisi-elman-allahverdiyev-v%c9%99fat-edib","status":"publish","type":"post","link":"https:\/\/azerbaycan.media\/?p=76748","title":{"rendered":"Sabiq icra ba\u015f\u00e7\u0131s\u0131 Elman Allahverdiyev v\u0259fat edib"},"content":{"rendered":"<p><strong>Az\u0259rbaycan.media<\/strong> x\u0259b\u0259r verir ki, Qafqazinfo bu bar\u0259d\u0259 sosial \u015f\u0259b\u0259k\u0259l\u0259rd\u0259 m\u0259lumat yay\u0131ld\u0131\u011f\u0131n\u0131 bildirib.<br \/>\nM\u0259lumata g\u00f6r\u0259, Elman Allahverdiyev d\u00fcnyas\u0131n\u0131 d\u0259yi\u015fib.<br \/>\nQeyd ed\u0259k ki, o, 1994\u20131996-c\u0131 ill\u0259rd\u0259 T\u0259rt\u0259r rayonunun, 1996\u20132006-c\u0131 ill\u0259rd\u0259 is\u0259 B\u0259rd\u0259 rayonunun icra ba\u015f\u00e7\u0131s\u0131 v\u0259zif\u0259sind\u0259 \u00e7al\u0131\u015f\u0131b.<\/p>\n","protected":false},"excerpt":{"rendered":"<p>Az\u0259rbaycan.media x\u0259b\u0259r verir ki, Qafqazinfo bu bar\u0259d\u0259 sosial \u015f\u0259b\u0259k\u0259l\u0259rd\u0259 m\u0259lumat yay\u0131ld\u0131\u011f\u0131n\u0131 bildirib. M\u0259lumata g\u00f6r\u0259, Elman Allahverdiyev d\u00fcnyas\u0131n\u0131 d\u0259yi\u015fib. Qeyd ed\u0259k ki, o, 1994\u20131996-c\u0131 ill\u0259rd\u0259 T\u0259rt\u0259r rayonunun, 1996\u20132006-c\u0131 ill\u0259rd\u0259 is\u0259 B\u0259rd\u0259&hellip; <\/p>\n","protected":false},"author":537,"featured_media":76749,"comment_status":"closed","ping_status":"closed","sticky":false,"template":"","format":"standard","meta":{"footnotes":""},"categories":[75],"tags":[],"class_list":["post-76748","post","type-post","status-publish","format-standard","has-post-thumbnail","hentry","category-xbrlr"],"_links":{"self":[{"href":"https:\/\/azerbaycan.media\/index.php?rest_route=\/wp\/v2\/posts\/76748","targetHints":{"allow":["GET"]}}],"collection":[{"href":"https:\/\/azerbaycan.media\/index.php?rest_route=\/wp\/v2\/posts"}],"about":[{"href":"https:\/\/azerbaycan.media\/index.php?rest_route=\/wp\/v2\/types\/post"}],"author":[{"embeddable":true,"href":"https:\/\/azerbaycan.media\/index.php?rest_route=\/wp\/v2\/users\/537"}],"replies":[{"embeddable":true,"href":"https:\/\/azerbaycan.media\/index.php?rest_route=%2Fwp%2Fv2%2Fcomments&post=76748"}],"version-history":[{"count":1,"href":"https:\/\/azerbaycan.media\/index.php?rest_route=\/wp\/v2\/posts\/76748\/revisions"}],"predecessor-version":[{"id":76750,"href":"https:\/\/azerbaycan.media\/index.php?rest_route=\/wp\/v2\/posts\/76748\/revisions\/76750"}],"wp:featuredmedia":[{"embeddable":true,"href":"https:\/\/azerbaycan.media\/index.php?rest_route=\/wp\/v2\/media\/76749"}],"wp:attachment":[{"href":"https:\/\/azerbaycan.media\/index.php?rest_route=%2Fwp%2Fv2%2Fmedia&parent=76748"}],"wp:term":[{"taxonomy":"category","embeddable":true,"href":"https:\/\/azerbaycan.media\/index.php?rest_route=%2Fwp%2Fv2%2Fcategories&post=76748"},{"taxonomy":"post_tag","embeddable":true,"href":"https:\/\/azerbaycan.media\/index.php?rest_route=%2Fwp%2Fv2%2Ftags&post=76748"}],"curies":[{"name":"wp","href":"https:\/\/api.w.org\/{rel}","templated":true}]}}