{"id":76736,"date":"2026-04-27T10:54:25","date_gmt":"2026-04-27T06:54:25","guid":{"rendered":"https:\/\/azerbaycan.media\/?p=76736"},"modified":"2026-04-27T10:54:25","modified_gmt":"2026-04-27T06:54:25","slug":"iran-abs-la-danisiqlarda-yeni-m%c9%99rh%c9%99l%c9%99-ucun-s%c9%99rt-ir%c9%99li-surub","status":"publish","type":"post","link":"https:\/\/azerbaycan.media\/?p=76736","title":{"rendered":"\u0130ran AB\u015e-la dan\u0131\u015f\u0131qlarda yeni m\u0259rh\u0259l\u0259 \u00fc\u00e7\u00fcn \u015f\u0259rt ir\u0259li s\u00fcr\u00fcb"},"content":{"rendered":"<p><strong>Az\u0259rbaycan.media<\/strong> x\u0259b\u0259r verir ki, Tehran m\u00fcnaqi\u015f\u0259nin h\u0259lli il\u0259 ba\u011fl\u0131 Pakistan vasit\u0259sil\u0259 Va\u015finqtona yeni t\u0259klif t\u0259qdim edib.<br \/>\nBu bar\u0259d\u0259 Axios m\u0259nb\u0259l\u0259r\u0259 istinad\u0259n m\u0259lumat yay\u0131b. T\u0259klifd\u0259 AB\u015e t\u0259r\u0259find\u0259n t\u0259tbiq olunan blokadan\u0131n aradan qald\u0131r\u0131lmas\u0131, H\u00f6rm\u00fcz bo\u011faz\u0131n\u0131n a\u00e7\u0131lmas\u0131 v\u0259 yaln\u0131z bundan sonra \u0130ran\u0131n n\u00fcv\u0259 proqram\u0131n\u0131n m\u00fczakir\u0259sin\u0259 ba\u015flanmas\u0131 n\u0259z\u0259rd\u0259 tutulur.<br \/>\nN\u0259\u015frin yazd\u0131\u011f\u0131na g\u00f6r\u0259, bu t\u0259\u015f\u0259bb\u00fcs dan\u0131\u015f\u0131qlarda yaranm\u0131\u015f m\u00f6vcud dalan\u0131 v\u0259 \u0130ran r\u0259hb\u0259rliyi daxilind\u0259 n\u00fcv\u0259 g\u00fcz\u0259\u015ftl\u0259rinin miqyas\u0131 il\u0259 ba\u011fl\u0131 fikir ayr\u0131l\u0131qlar\u0131n\u0131 aradan qald\u0131rma\u011fa y\u00f6n\u0259lib.<br \/>\nM\u0259nb\u0259l\u0259r bildirir ki, t\u0259klif\u0259 \u0259sas\u0259n, n\u00fcv\u0259 proqram\u0131 il\u0259 ba\u011fl\u0131 dan\u0131\u015f\u0131qlar yaln\u0131z sonrak\u0131 m\u0259rh\u0259l\u0259d\u0259 \u2013 y\u0259ni H\u00f6rm\u00fcz bo\u011faz\u0131 a\u00e7\u0131ld\u0131qdan v\u0259 blokada l\u0259\u011fv edildikd\u0259n sonra ba\u015flayacaq.<br \/>\nQeyd olunub ki, Donald Tramp aprelin 27-d\u0259 \u0130ranla dan\u0131\u015f\u0131qlarda yaranm\u0131\u015f \u00e7\u0131x\u0131lmaz v\u0259ziyy\u0259ti v\u0259 m\u00fcmk\u00fcn n\u00f6vb\u0259ti add\u0131mlar\u0131 m\u00fczakir\u0259 etm\u0259k \u00fc\u00e7\u00fcn kabinet iclas\u0131 ke\u00e7irm\u0259yi planla\u015fd\u0131r\u0131r.<br \/>\nXat\u0131rladaq ki, Tramp aprelin 25-d\u0259 \u0130randan r\u0259smi t\u0259klifl\u0259r ald\u0131qlar\u0131n\u0131 a\u00e7\u0131qlam\u0131\u015fd\u0131.<\/p>\n","protected":false},"excerpt":{"rendered":"<p>Az\u0259rbaycan.media x\u0259b\u0259r verir ki, Tehran m\u00fcnaqi\u015f\u0259nin h\u0259lli il\u0259 ba\u011fl\u0131 Pakistan vasit\u0259sil\u0259 Va\u015finqtona yeni t\u0259klif t\u0259qdim edib. Bu bar\u0259d\u0259 Axios m\u0259nb\u0259l\u0259r\u0259 istinad\u0259n m\u0259lumat yay\u0131b. T\u0259klifd\u0259 AB\u015e t\u0259r\u0259find\u0259n t\u0259tbiq olunan blokadan\u0131n aradan&hellip; <\/p>\n","protected":false},"author":537,"featured_media":76737,"comment_status":"closed","ping_status":"closed","sticky":false,"template":"","format":"standard","meta":{"footnotes":""},"categories":[134],"tags":[],"class_list":["post-76736","post","type-post","status-publish","format-standard","has-post-thumbnail","hentry","category-amerika"],"_links":{"self":[{"href":"https:\/\/azerbaycan.media\/index.php?rest_route=\/wp\/v2\/posts\/76736","targetHints":{"allow":["GET"]}}],"collection":[{"href":"https:\/\/azerbaycan.media\/index.php?rest_route=\/wp\/v2\/posts"}],"about":[{"href":"https:\/\/azerbaycan.media\/index.php?rest_route=\/wp\/v2\/types\/post"}],"author":[{"embeddable":true,"href":"https:\/\/azerbaycan.media\/index.php?rest_route=\/wp\/v2\/users\/537"}],"replies":[{"embeddable":true,"href":"https:\/\/azerbaycan.media\/index.php?rest_route=%2Fwp%2Fv2%2Fcomments&post=76736"}],"version-history":[{"count":2,"href":"https:\/\/azerbaycan.media\/index.php?rest_route=\/wp\/v2\/posts\/76736\/revisions"}],"predecessor-version":[{"id":76739,"href":"https:\/\/azerbaycan.media\/index.php?rest_route=\/wp\/v2\/posts\/76736\/revisions\/76739"}],"wp:featuredmedia":[{"embeddable":true,"href":"https:\/\/azerbaycan.media\/index.php?rest_route=\/wp\/v2\/media\/76737"}],"wp:attachment":[{"href":"https:\/\/azerbaycan.media\/index.php?rest_route=%2Fwp%2Fv2%2Fmedia&parent=76736"}],"wp:term":[{"taxonomy":"category","embeddable":true,"href":"https:\/\/azerbaycan.media\/index.php?rest_route=%2Fwp%2Fv2%2Fcategories&post=76736"},{"taxonomy":"post_tag","embeddable":true,"href":"https:\/\/azerbaycan.media\/index.php?rest_route=%2Fwp%2Fv2%2Ftags&post=76736"}],"curies":[{"name":"wp","href":"https:\/\/api.w.org\/{rel}","templated":true}]}}