{"id":76717,"date":"2026-04-26T11:13:23","date_gmt":"2026-04-26T07:13:23","guid":{"rendered":"https:\/\/azerbaycan.media\/?p=76717"},"modified":"2026-04-26T11:13:23","modified_gmt":"2026-04-26T07:13:23","slug":"salyanda-yol-q%c9%99zasi-oluml%c9%99-n%c9%99tic%c9%99l%c9%99ndi","status":"publish","type":"post","link":"https:\/\/azerbaycan.media\/?p=76717","title":{"rendered":"Salyanda yol q\u0259zas\u0131 \u00f6l\u00fcml\u0259 n\u0259tic\u0259l\u0259ndi"},"content":{"rendered":"<p><strong>Az\u0259rbaycan.media<\/strong> x\u0259b\u0259r verir ki, Salyan rayonunda \u00f6l\u00fcml\u0259 n\u0259tic\u0259l\u0259n\u0259n yol-n\u0259qliyyat hadis\u0259si ba\u015f verib.<br \/>\nModern.az-\u0131n APA-ya istinad\u0259n yayd\u0131\u011f\u0131 m\u0259lumata g\u00f6r\u0259, hadis\u0259 rayonun \u015eorsulu k\u0259ndi \u0259razisind\u0259 qeyd\u0259 al\u0131n\u0131b.<br \/>\nBel\u0259 ki, \u201cVAZ\u201d markal\u0131 minik avtomobili yol k\u0259nar\u0131nda dayanm\u0131\u015f \u201cQazel\u201d markal\u0131 y\u00fck avtomobilin\u0259 \u00e7\u0131rp\u0131l\u0131b.<br \/>\nQ\u0259za zaman\u0131 \u201cQazel\u201din yan\u0131nda olan k\u0259nd sakini, 1986-c\u0131 il t\u0259v\u0259ll\u00fcdl\u00fc Ruslan Feyzullayev iki avtomobilin aras\u0131nda qalaraq a\u011f\u0131r x\u0259sar\u0259tl\u0259r al\u0131b. Yaral\u0131 d\u0259rhal x\u0259st\u0259xanaya \u00e7atd\u0131r\u0131lsa da, h\u0259kiml\u0259rin s\u0259yl\u0259rin\u0259 baxmayaraq onun h\u0259yat\u0131n\u0131 xilas etm\u0259k m\u00fcmk\u00fcn olmay\u0131b.<br \/>\nFaktla ba\u011fl\u0131 h\u00fcquq-m\u00fchafiz\u0259 orqanlar\u0131 t\u0259r\u0259find\u0259n ara\u015fd\u0131rma apar\u0131l\u0131r.<\/p>\n","protected":false},"excerpt":{"rendered":"<p>Az\u0259rbaycan.media x\u0259b\u0259r verir ki, Salyan rayonunda \u00f6l\u00fcml\u0259 n\u0259tic\u0259l\u0259n\u0259n yol-n\u0259qliyyat hadis\u0259si ba\u015f verib. Modern.az-\u0131n APA-ya istinad\u0259n yayd\u0131\u011f\u0131 m\u0259lumata g\u00f6r\u0259, hadis\u0259 rayonun \u015eorsulu k\u0259ndi \u0259razisind\u0259 qeyd\u0259 al\u0131n\u0131b. Bel\u0259 ki, \u201cVAZ\u201d markal\u0131 minik&hellip; <\/p>\n","protected":false},"author":537,"featured_media":76718,"comment_status":"closed","ping_status":"closed","sticky":false,"template":"","format":"standard","meta":{"footnotes":""},"categories":[62],"tags":[],"class_list":["post-76717","post","type-post","status-publish","format-standard","has-post-thumbnail","hentry","category-hadis"],"_links":{"self":[{"href":"https:\/\/azerbaycan.media\/index.php?rest_route=\/wp\/v2\/posts\/76717","targetHints":{"allow":["GET"]}}],"collection":[{"href":"https:\/\/azerbaycan.media\/index.php?rest_route=\/wp\/v2\/posts"}],"about":[{"href":"https:\/\/azerbaycan.media\/index.php?rest_route=\/wp\/v2\/types\/post"}],"author":[{"embeddable":true,"href":"https:\/\/azerbaycan.media\/index.php?rest_route=\/wp\/v2\/users\/537"}],"replies":[{"embeddable":true,"href":"https:\/\/azerbaycan.media\/index.php?rest_route=%2Fwp%2Fv2%2Fcomments&post=76717"}],"version-history":[{"count":2,"href":"https:\/\/azerbaycan.media\/index.php?rest_route=\/wp\/v2\/posts\/76717\/revisions"}],"predecessor-version":[{"id":76720,"href":"https:\/\/azerbaycan.media\/index.php?rest_route=\/wp\/v2\/posts\/76717\/revisions\/76720"}],"wp:featuredmedia":[{"embeddable":true,"href":"https:\/\/azerbaycan.media\/index.php?rest_route=\/wp\/v2\/media\/76718"}],"wp:attachment":[{"href":"https:\/\/azerbaycan.media\/index.php?rest_route=%2Fwp%2Fv2%2Fmedia&parent=76717"}],"wp:term":[{"taxonomy":"category","embeddable":true,"href":"https:\/\/azerbaycan.media\/index.php?rest_route=%2Fwp%2Fv2%2Fcategories&post=76717"},{"taxonomy":"post_tag","embeddable":true,"href":"https:\/\/azerbaycan.media\/index.php?rest_route=%2Fwp%2Fv2%2Ftags&post=76717"}],"curies":[{"name":"wp","href":"https:\/\/api.w.org\/{rel}","templated":true}]}}