{"id":76709,"date":"2026-04-26T11:00:52","date_gmt":"2026-04-26T07:00:52","guid":{"rendered":"https:\/\/azerbaycan.media\/?p=76709"},"modified":"2026-04-26T11:00:52","modified_gmt":"2026-04-26T07:00:52","slug":"prezident-ilham-eliyev-vasinqtondaki-atisma-il%c9%99-bagli-aciqlama-verib","status":"publish","type":"post","link":"https:\/\/azerbaycan.media\/?p=76709","title":{"rendered":"<span style=\"color:red\">Prezident \u0130lham \u018fliyev Va\u015finqtondak\u0131 at\u0131\u015fma il\u0259 ba\u011fl\u0131 a\u00e7\u0131qlama verib<\/span>"},"content":{"rendered":"<p><span style=\"color: #ff0000;\"><strong>Az\u0259rbaycan.media<\/strong><\/span> x\u0259b\u0259r verir ki, Az\u0259rbaycan Prezidenti \u0130lham \u018fliyev A\u011f Ev M\u00fcxbirl\u0259ri Assosiasiyas\u0131n\u0131n Va\u015finqtonda ke\u00e7iril\u0259n \u015fam yem\u0259yind\u0259 ba\u015f ver\u0259n at\u0131\u015fma il\u0259 ba\u011fl\u0131 m\u00fcnasib\u0259t bildirib.<br \/>\nD\u00f6vl\u0259t ba\u015f\u00e7\u0131s\u0131 X sosial \u015f\u0259b\u0259k\u0259 hesab\u0131nda payla\u015f\u0131m ed\u0259r\u0259k hadis\u0259d\u0259n d\u0259rind\u0259n sars\u0131ld\u0131\u011f\u0131n\u0131 qeyd edib.<br \/>\n\u201cBel\u0259 zorak\u0131l\u0131q hallar\u0131 q\u0259buledilm\u0259zdir v\u0259 q\u0259ti \u015f\u0259kild\u0259 pisl\u0259nm\u0259lidir. Prezident Tramp\u0131n, Birinci xan\u0131m\u0131n v\u0259 b\u00fct\u00fcn i\u015ftirak\u00e7\u0131lar\u0131n t\u0259hl\u00fck\u0259siz olmas\u0131 sevindiricidir. Onlara davaml\u0131 t\u0259hl\u00fck\u0259sizlik v\u0259 rifah arzulay\u0131ram\u201d, \u2013 dey\u0259 Prezident vur\u011fulay\u0131b.<\/p>\n","protected":false},"excerpt":{"rendered":"<p>Az\u0259rbaycan.media x\u0259b\u0259r verir ki, Az\u0259rbaycan Prezidenti \u0130lham \u018fliyev A\u011f Ev M\u00fcxbirl\u0259ri Assosiasiyas\u0131n\u0131n Va\u015finqtonda ke\u00e7iril\u0259n \u015fam yem\u0259yind\u0259 ba\u015f ver\u0259n at\u0131\u015fma il\u0259 ba\u011fl\u0131 m\u00fcnasib\u0259t bildirib. D\u00f6vl\u0259t ba\u015f\u00e7\u0131s\u0131 X sosial \u015f\u0259b\u0259k\u0259 hesab\u0131nda payla\u015f\u0131m&hellip; <\/p>\n","protected":false},"author":537,"featured_media":76710,"comment_status":"closed","ping_status":"closed","sticky":false,"template":"","format":"standard","meta":{"footnotes":""},"categories":[50,1],"tags":[],"class_list":["post-76709","post","type-post","status-publish","format-standard","has-post-thumbnail","hentry","category-gundm","category-manset"],"_links":{"self":[{"href":"https:\/\/azerbaycan.media\/index.php?rest_route=\/wp\/v2\/posts\/76709","targetHints":{"allow":["GET"]}}],"collection":[{"href":"https:\/\/azerbaycan.media\/index.php?rest_route=\/wp\/v2\/posts"}],"about":[{"href":"https:\/\/azerbaycan.media\/index.php?rest_route=\/wp\/v2\/types\/post"}],"author":[{"embeddable":true,"href":"https:\/\/azerbaycan.media\/index.php?rest_route=\/wp\/v2\/users\/537"}],"replies":[{"embeddable":true,"href":"https:\/\/azerbaycan.media\/index.php?rest_route=%2Fwp%2Fv2%2Fcomments&post=76709"}],"version-history":[{"count":2,"href":"https:\/\/azerbaycan.media\/index.php?rest_route=\/wp\/v2\/posts\/76709\/revisions"}],"predecessor-version":[{"id":76712,"href":"https:\/\/azerbaycan.media\/index.php?rest_route=\/wp\/v2\/posts\/76709\/revisions\/76712"}],"wp:featuredmedia":[{"embeddable":true,"href":"https:\/\/azerbaycan.media\/index.php?rest_route=\/wp\/v2\/media\/76710"}],"wp:attachment":[{"href":"https:\/\/azerbaycan.media\/index.php?rest_route=%2Fwp%2Fv2%2Fmedia&parent=76709"}],"wp:term":[{"taxonomy":"category","embeddable":true,"href":"https:\/\/azerbaycan.media\/index.php?rest_route=%2Fwp%2Fv2%2Fcategories&post=76709"},{"taxonomy":"post_tag","embeddable":true,"href":"https:\/\/azerbaycan.media\/index.php?rest_route=%2Fwp%2Fv2%2Ftags&post=76709"}],"curies":[{"name":"wp","href":"https:\/\/api.w.org\/{rel}","templated":true}]}}