{"id":76700,"date":"2026-04-26T10:19:47","date_gmt":"2026-04-26T06:19:47","guid":{"rendered":"https:\/\/azerbaycan.media\/?p=76700"},"modified":"2026-04-26T10:19:47","modified_gmt":"2026-04-26T06:19:47","slug":"cin-ai-nin-rusiyaya-sanksiyalarina-etiraz-etdi-v%c9%99-n%c9%99tic%c9%99l%c9%99rl%c9%99-x%c9%99b%c9%99rdarliq-etdi","status":"publish","type":"post","link":"https:\/\/azerbaycan.media\/?p=76700","title":{"rendered":"\u00c7in A\u0130-nin Rusiyaya sanksiyalar\u0131na etiraz etdi v\u0259 \u201cn\u0259tic\u0259l\u0259rl\u0259\u201d x\u0259b\u0259rdarl\u0131q etdi"},"content":{"rendered":"<p><strong>Az\u0259rbaycan.media<\/strong> x\u0259b\u0259r verir ki, \u00c7in Xalq Respublikas\u0131n\u0131n Ticar\u0259t Nazirliyi Avropa \u0130ttifaq\u0131n\u0131n Rusiyaya qar\u015f\u0131 yeni sanksiya paketin\u0259 \u00c7in \u015firk\u0259tl\u0259rinin daxil edilm\u0259sin\u0259 s\u0259rt reaksiya verib.<br \/>\n\u201cR\u00f6yters\u201d agentliyinin m\u0259lumat\u0131na \u0259sas\u0259n, Pekin bu add\u0131ma \u201cq\u0259ti etiraz\u201d bildirib v\u0259 \u00c7in \u015firk\u0259tl\u0259rinin sanksiya siyah\u0131s\u0131ndan d\u0259rhal \u00e7\u0131xar\u0131lmas\u0131n\u0131 t\u0259l\u0259b edib.<br \/>\nBildirilib ki, A\u0130-nin 20-ci sanksiya paketi \u00fc\u00e7\u00fcnc\u00fc \u00f6lk\u0259l\u0259rd\u0259n y\u00fcks\u0259k texnologiyal\u0131 v\u0259 strateji m\u0259hsullar\u0131n t\u0259dar\u00fck\u00fc il\u0259 ba\u011fl\u0131 m\u0259hdudiyy\u0259tl\u0259ri n\u0259z\u0259rd\u0259 tutur. Siyah\u0131ya bir ne\u00e7\u0259 \u00c7in \u015firk\u0259tinin daxil edilm\u0259si onlar\u0131n Rusiyan\u0131n h\u0259rbi-s\u0259naye kompleksi \u00fc\u00e7\u00fcn ikili t\u0259yinatl\u0131 m\u0259hsullar v\u0259 ya silah sisteml\u0259ri t\u0259dar\u00fck\u00fcnd\u0259 ittiham olunmas\u0131 il\u0259 \u0259laq\u0259l\u0259ndirilir.<br \/>\n\u00c7in Ticar\u0259t Nazirliyinin n\u00fcmay\u0259nd\u0259si bu add\u0131m\u0131n \u00c7in\u2013A\u0130 liderl\u0259ri aras\u0131nda \u0259ld\u0259 olunmu\u015f raz\u0131la\u015fmalar\u0131n ruhuna zidd oldu\u011funu bildirib v\u0259 bunun qar\u015f\u0131l\u0131ql\u0131 etimad\u0131, el\u0259c\u0259 d\u0259 ikit\u0259r\u0259fli m\u00fcnasib\u0259tl\u0259rin sabitliyini ciddi \u015f\u0259kild\u0259 z\u0259d\u0259l\u0259diyini vur\u011fulay\u0131b.<br \/>\nPekin h\u0259m\u00e7inin b\u0259yan edib ki, \u00c7in \u015firk\u0259tl\u0259rinin maraqlar\u0131n\u0131 qorumaq \u00fc\u00e7\u00fcn \u201cz\u0259ruri t\u0259dbirl\u0259r\u201d g\u00f6rm\u0259y\u0259 haz\u0131rd\u0131r v\u0259 bu prosesin n\u0259tic\u0259l\u0259rin\u0259 g\u00f6r\u0259 m\u0259suliyy\u0259tin Avropa \u0130ttifaq\u0131n\u0131n \u00fcz\u0259rin\u0259 d\u00fc\u015f\u0259c\u0259yini qeyd edib.<\/p>\n","protected":false},"excerpt":{"rendered":"<p>Az\u0259rbaycan.media x\u0259b\u0259r verir ki, \u00c7in Xalq Respublikas\u0131n\u0131n Ticar\u0259t Nazirliyi Avropa \u0130ttifaq\u0131n\u0131n Rusiyaya qar\u015f\u0131 yeni sanksiya paketin\u0259 \u00c7in \u015firk\u0259tl\u0259rinin daxil edilm\u0259sin\u0259 s\u0259rt reaksiya verib. \u201cR\u00f6yters\u201d agentliyinin m\u0259lumat\u0131na \u0259sas\u0259n, Pekin bu add\u0131ma&hellip; <\/p>\n","protected":false},"author":537,"featured_media":76701,"comment_status":"closed","ping_status":"closed","sticky":false,"template":"","format":"standard","meta":{"footnotes":""},"categories":[55],"tags":[],"class_list":["post-76700","post","type-post","status-publish","format-standard","has-post-thumbnail","hentry","category-dunya"],"_links":{"self":[{"href":"https:\/\/azerbaycan.media\/index.php?rest_route=\/wp\/v2\/posts\/76700","targetHints":{"allow":["GET"]}}],"collection":[{"href":"https:\/\/azerbaycan.media\/index.php?rest_route=\/wp\/v2\/posts"}],"about":[{"href":"https:\/\/azerbaycan.media\/index.php?rest_route=\/wp\/v2\/types\/post"}],"author":[{"embeddable":true,"href":"https:\/\/azerbaycan.media\/index.php?rest_route=\/wp\/v2\/users\/537"}],"replies":[{"embeddable":true,"href":"https:\/\/azerbaycan.media\/index.php?rest_route=%2Fwp%2Fv2%2Fcomments&post=76700"}],"version-history":[{"count":2,"href":"https:\/\/azerbaycan.media\/index.php?rest_route=\/wp\/v2\/posts\/76700\/revisions"}],"predecessor-version":[{"id":76703,"href":"https:\/\/azerbaycan.media\/index.php?rest_route=\/wp\/v2\/posts\/76700\/revisions\/76703"}],"wp:featuredmedia":[{"embeddable":true,"href":"https:\/\/azerbaycan.media\/index.php?rest_route=\/wp\/v2\/media\/76701"}],"wp:attachment":[{"href":"https:\/\/azerbaycan.media\/index.php?rest_route=%2Fwp%2Fv2%2Fmedia&parent=76700"}],"wp:term":[{"taxonomy":"category","embeddable":true,"href":"https:\/\/azerbaycan.media\/index.php?rest_route=%2Fwp%2Fv2%2Fcategories&post=76700"},{"taxonomy":"post_tag","embeddable":true,"href":"https:\/\/azerbaycan.media\/index.php?rest_route=%2Fwp%2Fv2%2Ftags&post=76700"}],"curies":[{"name":"wp","href":"https:\/\/api.w.org\/{rel}","templated":true}]}}