{"id":76692,"date":"2026-04-26T09:44:08","date_gmt":"2026-04-26T05:44:08","guid":{"rendered":"https:\/\/azerbaycan.media\/?p=76692"},"modified":"2026-04-26T09:44:08","modified_gmt":"2026-04-26T05:44:08","slug":"trampin-istirak-etdiyi-t%c9%99dbird%c9%99-at%c9%99s-acan-s%c9%99xsin-kimliyi-m%c9%99lum-olub","status":"publish","type":"post","link":"https:\/\/azerbaycan.media\/?p=76692","title":{"rendered":"Tramp\u0131n i\u015ftirak etdiyi t\u0259dbird\u0259 at\u0259\u015f a\u00e7an \u015f\u0259xsin kimliyi m\u0259lum olub"},"content":{"rendered":"<p><strong>Az\u0259rbaycan.media<\/strong> x\u0259b\u0259r verir ki, AB\u015e prezidenti Donald Tramp\u0131n i\u015ftirak etdiyi A\u011f Ev M\u00fcxbirl\u0259ri Assosiasiyas\u0131n\u0131n q\u0259bulunda ba\u015f ver\u0259n at\u0131\u015fma c\u0259hdinin \u015f\u00fcbh\u0259lisinin kimliyi m\u00fc\u0259yy\u0259n edilib.<br \/>\nM\u0259lumata g\u00f6r\u0259, bu bar\u0259d\u0259 \u201cNew York Post\u201d q\u0259zetinin jurnalisti Kerol Markovi\u00e7 \u00f6z \u201cFacebook\u201d s\u0259hif\u0259sind\u0259 payla\u015f\u0131m edib.<br \/>\nBildirilib ki, hadis\u0259ni t\u00f6r\u0259tm\u0259kd\u0259 \u015f\u00fcbh\u0259li bilin\u0259n \u015f\u0259xs Kaliforniyan\u0131n Torrens \u015f\u0259h\u0259rind\u0259n olan 31 ya\u015fl\u0131 Kol Tomas Allendir v\u0259 haz\u0131rda saxlan\u0131l\u0131b.<br \/>\n\u201cAxios\u201d n\u0259\u015frinin yayd\u0131\u011f\u0131 m\u0259lumatda is\u0259 \u015f\u00fcbh\u0259linin ov t\u00fcf\u0259ngi il\u0259 silahl\u0131 oldu\u011fu v\u0259 t\u0259hl\u00fck\u0259sizlik baryerini ke\u00e7m\u0259y\u0259 c\u0259hd etdiyi qeyd olunub.<br \/>\nAB\u015e prezidenti Donald Tramp da \u00f6z \u201cTruth\u201d hesab\u0131nda h\u0259min \u015f\u0259xsin fotosunu payla\u015faraq hadis\u0259y\u0259 m\u00fcnasib\u0259t bildirib.<\/p>\n","protected":false},"excerpt":{"rendered":"<p>Az\u0259rbaycan.media x\u0259b\u0259r verir ki, AB\u015e prezidenti Donald Tramp\u0131n i\u015ftirak etdiyi A\u011f Ev M\u00fcxbirl\u0259ri Assosiasiyas\u0131n\u0131n q\u0259bulunda ba\u015f ver\u0259n at\u0131\u015fma c\u0259hdinin \u015f\u00fcbh\u0259lisinin kimliyi m\u00fc\u0259yy\u0259n edilib. M\u0259lumata g\u00f6r\u0259, bu bar\u0259d\u0259 \u201cNew York Post\u201d&hellip; <\/p>\n","protected":false},"author":537,"featured_media":76693,"comment_status":"closed","ping_status":"closed","sticky":false,"template":"","format":"standard","meta":{"footnotes":""},"categories":[55],"tags":[],"class_list":["post-76692","post","type-post","status-publish","format-standard","has-post-thumbnail","hentry","category-dunya"],"_links":{"self":[{"href":"https:\/\/azerbaycan.media\/index.php?rest_route=\/wp\/v2\/posts\/76692","targetHints":{"allow":["GET"]}}],"collection":[{"href":"https:\/\/azerbaycan.media\/index.php?rest_route=\/wp\/v2\/posts"}],"about":[{"href":"https:\/\/azerbaycan.media\/index.php?rest_route=\/wp\/v2\/types\/post"}],"author":[{"embeddable":true,"href":"https:\/\/azerbaycan.media\/index.php?rest_route=\/wp\/v2\/users\/537"}],"replies":[{"embeddable":true,"href":"https:\/\/azerbaycan.media\/index.php?rest_route=%2Fwp%2Fv2%2Fcomments&post=76692"}],"version-history":[{"count":2,"href":"https:\/\/azerbaycan.media\/index.php?rest_route=\/wp\/v2\/posts\/76692\/revisions"}],"predecessor-version":[{"id":76695,"href":"https:\/\/azerbaycan.media\/index.php?rest_route=\/wp\/v2\/posts\/76692\/revisions\/76695"}],"wp:featuredmedia":[{"embeddable":true,"href":"https:\/\/azerbaycan.media\/index.php?rest_route=\/wp\/v2\/media\/76693"}],"wp:attachment":[{"href":"https:\/\/azerbaycan.media\/index.php?rest_route=%2Fwp%2Fv2%2Fmedia&parent=76692"}],"wp:term":[{"taxonomy":"category","embeddable":true,"href":"https:\/\/azerbaycan.media\/index.php?rest_route=%2Fwp%2Fv2%2Fcategories&post=76692"},{"taxonomy":"post_tag","embeddable":true,"href":"https:\/\/azerbaycan.media\/index.php?rest_route=%2Fwp%2Fv2%2Ftags&post=76692"}],"curies":[{"name":"wp","href":"https:\/\/api.w.org\/{rel}","templated":true}]}}