{"id":76684,"date":"2026-04-26T09:36:00","date_gmt":"2026-04-26T05:36:00","guid":{"rendered":"https:\/\/azerbaycan.media\/?p=76684"},"modified":"2026-04-26T09:36:00","modified_gmt":"2026-04-26T05:36:00","slug":"pezeskian-iran-t%c9%99zyiq-v%c9%99-blokada-altinda-danisiqlara-getm%c9%99y%c9%99c%c9%99k","status":"publish","type":"post","link":"https:\/\/azerbaycan.media\/?p=76684","title":{"rendered":"Peze\u015fkian: \u0130ran t\u0259zyiq v\u0259 blokada alt\u0131nda dan\u0131\u015f\u0131qlara getm\u0259y\u0259c\u0259k"},"content":{"rendered":"<p><strong>Az\u0259rbaycan.media<\/strong> x\u0259b\u0259r verir ki, \u0130ran prezidenti M\u0259sud Peze\u015fkian Pakistan\u0131n Ba\u015f naziri \u015eahbaz \u015e\u0259rifl\u0259 telefon dan\u0131\u015f\u0131\u011f\u0131 zaman\u0131 Tehran\u0131n t\u0259zyiq, t\u0259hdid v\u0259 ya H\u00f6rm\u00fcz bo\u011faz\u0131n\u0131n blokadas\u0131 \u015f\u0259raitind\u0259 s\u00fclh dan\u0131\u015f\u0131qlar\u0131nda i\u015ftirak etm\u0259y\u0259c\u0259yini bildirib.<br \/>\nM\u0259lumata g\u00f6r\u0259, bu bar\u0259d\u0259 \u201cPress TV\u201dnin \u201cTelegram\u201d kanal\u0131nda m\u0259lumat yay\u0131l\u0131b.<br \/>\nS\u00f6hb\u0259t zaman\u0131 Peze\u015fkian vur\u011fulay\u0131b ki, \u0130ran yaln\u0131z qar\u015f\u0131l\u0131ql\u0131 h\u00f6rm\u0259t v\u0259 mane\u0259siz diplomatik \u015f\u0259raitd\u0259 dialoqa a\u00e7\u0131qd\u0131r. O, AB\u015e-la m\u00fcmk\u00fcn dialoqun b\u0259rpas\u0131 \u00fc\u00e7\u00fcn m\u00f6vcud mane\u0259l\u0259rin, o c\u00fcml\u0259d\u0259n H\u00f6rm\u00fcz bo\u011faz\u0131 il\u0259 ba\u011fl\u0131 g\u0259rginliyin aradan qald\u0131r\u0131lmas\u0131n\u0131n vacibliyini qeyd edib.<\/p>\n","protected":false},"excerpt":{"rendered":"<p>Az\u0259rbaycan.media x\u0259b\u0259r verir ki, \u0130ran prezidenti M\u0259sud Peze\u015fkian Pakistan\u0131n Ba\u015f naziri \u015eahbaz \u015e\u0259rifl\u0259 telefon dan\u0131\u015f\u0131\u011f\u0131 zaman\u0131 Tehran\u0131n t\u0259zyiq, t\u0259hdid v\u0259 ya H\u00f6rm\u00fcz bo\u011faz\u0131n\u0131n blokadas\u0131 \u015f\u0259raitind\u0259 s\u00fclh dan\u0131\u015f\u0131qlar\u0131nda i\u015ftirak etm\u0259y\u0259c\u0259yini bildirib.&hellip; <\/p>\n","protected":false},"author":537,"featured_media":76685,"comment_status":"closed","ping_status":"closed","sticky":false,"template":"","format":"standard","meta":{"footnotes":""},"categories":[84],"tags":[],"class_list":["post-76684","post","type-post","status-publish","format-standard","has-post-thumbnail","hentry","category-asiya"],"_links":{"self":[{"href":"https:\/\/azerbaycan.media\/index.php?rest_route=\/wp\/v2\/posts\/76684","targetHints":{"allow":["GET"]}}],"collection":[{"href":"https:\/\/azerbaycan.media\/index.php?rest_route=\/wp\/v2\/posts"}],"about":[{"href":"https:\/\/azerbaycan.media\/index.php?rest_route=\/wp\/v2\/types\/post"}],"author":[{"embeddable":true,"href":"https:\/\/azerbaycan.media\/index.php?rest_route=\/wp\/v2\/users\/537"}],"replies":[{"embeddable":true,"href":"https:\/\/azerbaycan.media\/index.php?rest_route=%2Fwp%2Fv2%2Fcomments&post=76684"}],"version-history":[{"count":2,"href":"https:\/\/azerbaycan.media\/index.php?rest_route=\/wp\/v2\/posts\/76684\/revisions"}],"predecessor-version":[{"id":76687,"href":"https:\/\/azerbaycan.media\/index.php?rest_route=\/wp\/v2\/posts\/76684\/revisions\/76687"}],"wp:featuredmedia":[{"embeddable":true,"href":"https:\/\/azerbaycan.media\/index.php?rest_route=\/wp\/v2\/media\/76685"}],"wp:attachment":[{"href":"https:\/\/azerbaycan.media\/index.php?rest_route=%2Fwp%2Fv2%2Fmedia&parent=76684"}],"wp:term":[{"taxonomy":"category","embeddable":true,"href":"https:\/\/azerbaycan.media\/index.php?rest_route=%2Fwp%2Fv2%2Fcategories&post=76684"},{"taxonomy":"post_tag","embeddable":true,"href":"https:\/\/azerbaycan.media\/index.php?rest_route=%2Fwp%2Fv2%2Ftags&post=76684"}],"curies":[{"name":"wp","href":"https:\/\/api.w.org\/{rel}","templated":true}]}}