{"id":76537,"date":"2026-04-25T08:51:35","date_gmt":"2026-04-25T04:51:35","guid":{"rendered":"https:\/\/azerbaycan.media\/?p=76537"},"modified":"2026-04-25T08:53:44","modified_gmt":"2026-04-25T04:53:44","slug":"xalq-sairi-n%c9%99riman-h%c9%99s%c9%99nzad%c9%99nin-s%c9%99hh%c9%99ti-il%c9%99-bagli-son-v%c9%99ziyy%c9%99t-aciqlandi","status":"publish","type":"post","link":"https:\/\/azerbaycan.media\/?p=76537","title":{"rendered":"<span style=\"color:red\">Xalq \u015fairi N\u0259riman H\u0259s\u0259nzad\u0259nin s\u0259hh\u0259ti il\u0259 ba\u011fl\u0131 son v\u0259ziyy\u0259t a\u00e7\u0131qland\u0131<\/span>"},"content":{"rendered":"<p><span style=\"color: #ff0000;\"><strong>Az\u0259rbaycan.media<\/strong><\/span> x\u0259b\u0259r verir ki, 95 ya\u015fl\u0131 Xalq \u015fairi N\u0259riman H\u0259s\u0259nzad\u0259 haz\u0131rda s\u0259hh\u0259tind\u0259 yaranan probleml\u0259r s\u0259b\u0259bind\u0259n yarad\u0131c\u0131l\u0131q f\u0259aliyy\u0259ti il\u0259 m\u0259\u015f\u011ful ola bilmir.<br \/>\n\u015eairin ail\u0259 \u00fczvl\u0259ri sayt\u0131m\u0131za bildirib ki, o, haz\u0131rda ev \u015f\u0259raitind\u0259 m\u00fcalic\u0259 al\u0131r. Onlar\u0131n s\u00f6zl\u0259rin\u0259 \u0259sas\u0259n, N\u0259riman H\u0259s\u0259nzad\u0259nin \u00fcmumi v\u0259ziyy\u0259ti q\u0259na\u0259tb\u0259x\u015f qiym\u0259tl\u0259ndirils\u0259 d\u0259, s\u0259hh\u0259tind\u0259 m\u00fc\u0259yy\u0259n dal\u011falanmalar m\u00fc\u015fahid\u0259 olunur:<br \/>\n\u201cBir g\u00fcn v\u0259ziyy\u0259ti yax\u015f\u0131 olsa da, n\u00f6vb\u0259ti g\u00fcn hals\u0131zl\u0131q yaran\u0131r. Haz\u0131rda evd\u0259 m\u00fcalic\u0259si davam edir. Yarad\u0131c\u0131 f\u0259aliyy\u0259tl\u0259 m\u0259\u015f\u011ful ola, i\u015f\u0259 ged\u0259 bilmir\u201d.<br \/>\nQeyd ed\u0259k ki, Xalq \u015fairi \u00f6t\u0259n il s\u0259hh\u0259tind\u0259 yaranan probleml\u0259rl\u0259 \u0259laq\u0259dar x\u0259st\u0259xanaya yerl\u0259\u015fdirilmi\u015fdi.<\/p>\n<p><span style=\"color: #ff0000;\"><strong>Az\u0259rbaycan.media<\/strong><\/span><\/p>\n","protected":false},"excerpt":{"rendered":"<p>Az\u0259rbaycan.media x\u0259b\u0259r verir ki, 95 ya\u015fl\u0131 Xalq \u015fairi N\u0259riman H\u0259s\u0259nzad\u0259 haz\u0131rda s\u0259hh\u0259tind\u0259 yaranan probleml\u0259r s\u0259b\u0259bind\u0259n yarad\u0131c\u0131l\u0131q f\u0259aliyy\u0259ti il\u0259 m\u0259\u015f\u011ful ola bilmir. \u015eairin ail\u0259 \u00fczvl\u0259ri sayt\u0131m\u0131za bildirib ki, o, haz\u0131rda ev&hellip; <\/p>\n","protected":false},"author":537,"featured_media":76539,"comment_status":"closed","ping_status":"closed","sticky":false,"template":"","format":"standard","meta":{"footnotes":""},"categories":[63,1],"tags":[],"class_list":["post-76537","post","type-post","status-publish","format-standard","has-post-thumbnail","hentry","category-dbiyyat","category-manset"],"_links":{"self":[{"href":"https:\/\/azerbaycan.media\/index.php?rest_route=\/wp\/v2\/posts\/76537","targetHints":{"allow":["GET"]}}],"collection":[{"href":"https:\/\/azerbaycan.media\/index.php?rest_route=\/wp\/v2\/posts"}],"about":[{"href":"https:\/\/azerbaycan.media\/index.php?rest_route=\/wp\/v2\/types\/post"}],"author":[{"embeddable":true,"href":"https:\/\/azerbaycan.media\/index.php?rest_route=\/wp\/v2\/users\/537"}],"replies":[{"embeddable":true,"href":"https:\/\/azerbaycan.media\/index.php?rest_route=%2Fwp%2Fv2%2Fcomments&post=76537"}],"version-history":[{"count":2,"href":"https:\/\/azerbaycan.media\/index.php?rest_route=\/wp\/v2\/posts\/76537\/revisions"}],"predecessor-version":[{"id":76542,"href":"https:\/\/azerbaycan.media\/index.php?rest_route=\/wp\/v2\/posts\/76537\/revisions\/76542"}],"wp:featuredmedia":[{"embeddable":true,"href":"https:\/\/azerbaycan.media\/index.php?rest_route=\/wp\/v2\/media\/76539"}],"wp:attachment":[{"href":"https:\/\/azerbaycan.media\/index.php?rest_route=%2Fwp%2Fv2%2Fmedia&parent=76537"}],"wp:term":[{"taxonomy":"category","embeddable":true,"href":"https:\/\/azerbaycan.media\/index.php?rest_route=%2Fwp%2Fv2%2Fcategories&post=76537"},{"taxonomy":"post_tag","embeddable":true,"href":"https:\/\/azerbaycan.media\/index.php?rest_route=%2Fwp%2Fv2%2Ftags&post=76537"}],"curies":[{"name":"wp","href":"https:\/\/api.w.org\/{rel}","templated":true}]}}